{"id":94189,"date":"2020-03-21T14:58:04","date_gmt":"2020-03-21T14:58:04","guid":{"rendered":"http:\/\/malamboradio.com\/web\/?p=94189"},"modified":"2020-03-21T14:58:06","modified_gmt":"2020-03-21T14:58:06","slug":"tecnoglass-anuncia-que-donara-millares-de-mercados-a-barranquilleros","status":"publish","type":"post","link":"https:\/\/malamboradio.com\/web\/2020\/03\/21\/tecnoglass-anuncia-que-donara-millares-de-mercados-a-barranquilleros\/","title":{"rendered":"Tecnoglass anuncia que donar\u00e1 &#8220;millares de mercados&#8221; a barranquilleros"},"content":{"rendered":"\n<p>Concede vacaciones pagas a 5.650 trabajadores.<\/p>\n\n\n\n<p>El empresario Christian Daes, COO de Tecnoglass, anunci\u00f3 este s\u00e1bado que su familia donar\u00e1 millares de mercados en Barranquilla, en la emergencia que vive el pa\u00eds por el coronavirus. Al tiempo indic\u00f3 que los empleados saldr\u00e1n a vacaciones pagas el martes, ante la medida ordenada de cuarentena total en Colombia.<\/p>\n\n\n\n<p><em>&#8220;Barranquilla no est\u00e1 sola. Barranquilla aqu\u00ed nos tienes poni\u00e9ndole el hombro. Cueste lo que cueste. Tecnoglass es Barranquilla&#8221;<\/em>, escribi\u00f3 Daes en su cuenta de Twitter.<\/p>\n\n\n\n<p>Y agreg\u00f3:&nbsp;<em>&#8220;Ademas quiero decirles que la familia Daes donara millares de mercados durante esta crisis&#8230;.de esto, tenemos que salir, lo menos heridos juntos&#8221;<\/em><\/p>\n\n\n\n<p>El COO de Tecnoglass inform\u00f3:&nbsp;<em>&#8220;Mi gente saldra a vacaciones pagas&nbsp;el martes en la noche y regresaremos el lunes 13 de abril. y si esto se extendiera tendr\u00e1n el tiempo pago siempre&nbsp;igual. Nadie se queda sin sueldo mientras no volvamos a la normalidad. Somos una familia&#8221;&nbsp;<\/em><\/p>\n\n\n\n<p>&#8220;<em>Son 5.650 familias que no tendr\u00e1n que preocuparse por alimentacion<\/em>&#8220;, expres\u00f3.<br><\/p>\n","protected":false},"excerpt":{"rendered":"<p>Concede vacaciones pagas a 5.650 trabajadores. El empresario Christian Daes, COO de Tecnoglass, anunci\u00f3 este s\u00e1bado que su familia donar\u00e1 millares de mercados en Barranquilla, en la emergencia que vive el pa\u00eds por el coronavirus. Al tiempo indic\u00f3 que los empleados saldr\u00e1n a vacaciones pagas el martes, ante la medida ordenada de cuarentena total en&#8230;<\/p>\n","protected":false},"author":1,"featured_media":94190,"comment_status":"open","ping_status":"open","sticky":false,"template":"","format":"standard","meta":[],"categories":[1],"tags":[],"jetpack_sharing_enabled":true,"jetpack_featured_media_url":"https:\/\/malamboradio.com\/web\/wp-content\/uploads\/2020\/03\/christian-daes_0.jpg","_links":{"self":[{"href":"https:\/\/malamboradio.com\/web\/wp-json\/wp\/v2\/posts\/94189"}],"collection":[{"href":"https:\/\/malamboradio.com\/web\/wp-json\/wp\/v2\/posts"}],"about":[{"href":"https:\/\/malamboradio.com\/web\/wp-json\/wp\/v2\/types\/post"}],"author":[{"embeddable":true,"href":"https:\/\/malamboradio.com\/web\/wp-json\/wp\/v2\/users\/1"}],"replies":[{"embeddable":true,"href":"https:\/\/malamboradio.com\/web\/wp-json\/wp\/v2\/comments?post=94189"}],"version-history":[{"count":1,"href":"https:\/\/malamboradio.com\/web\/wp-json\/wp\/v2\/posts\/94189\/revisions"}],"predecessor-version":[{"id":94191,"href":"https:\/\/malamboradio.com\/web\/wp-json\/wp\/v2\/posts\/94189\/revisions\/94191"}],"wp:featuredmedia":[{"embeddable":true,"href":"https:\/\/malamboradio.com\/web\/wp-json\/wp\/v2\/media\/94190"}],"wp:attachment":[{"href":"https:\/\/malamboradio.com\/web\/wp-json\/wp\/v2\/media?parent=94189"}],"wp:term":[{"taxonomy":"category","embeddable":true,"href":"https:\/\/malamboradio.com\/web\/wp-json\/wp\/v2\/categories?post=94189"},{"taxonomy":"post_tag","embeddable":true,"href":"https:\/\/malamboradio.com\/web\/wp-json\/wp\/v2\/tags?post=94189"}],"curies":[{"name":"wp","href":"https:\/\/api.w.org\/{rel}","templated":true}]}}