{"id":83927,"date":"2020-01-23T17:02:40","date_gmt":"2020-01-23T17:02:40","guid":{"rendered":"http:\/\/malamboradio.com\/web\/?p=83927"},"modified":"2020-01-23T17:02:41","modified_gmt":"2020-01-23T17:02:41","slug":"todo-esta-preparado-para-que-100-mil-estudiantes-inicien-clases-el-proximo-lunes-en-soledad","status":"publish","type":"post","link":"https:\/\/malamboradio.com\/web\/2020\/01\/23\/todo-esta-preparado-para-que-100-mil-estudiantes-inicien-clases-el-proximo-lunes-en-soledad\/","title":{"rendered":"Todo est\u00e1 preparado para que 100 mil estudiantes inicien clases  el pr\u00f3ximo lunes en Soledad"},"content":{"rendered":"\n<p>Soledad, enero 23 de 2020. Un total de cien mil estudiantes de los sectores p\u00fablico y privado del municipio de Soledad iniciar\u00e1n la jornada escolar a partir del pr\u00f3ximo lunes, 27 de enero, y todo est\u00e1 preparado para recibirlos en las instituciones, inform\u00f3 Aida Ojeda, secretaria de Educaci\u00f3n.<\/p>\n\n\n\n<p>En reuni\u00f3n sostenida con los rectores de las instituciones educativas del sector oficial, en la que se vivi\u00f3 un ambiente de optimismo, la funcionaria y los directivos de los centros acad\u00e9micos abordaron temas pedag\u00f3gicos y administrativos que ser\u00e1n prioritarios en el gobierno del Pacto Social.<\/p>\n\n\n\n<p>La Secretaria de Educaci\u00f3n indic\u00f3 que se inici\u00f3 un inventario de las debilidades que en materia de dotaci\u00f3n e infraestructura tienen los colegios,  dirigido por un arquitecto quien junto con un equipo de profesionales, est\u00e1 realizando visitas t\u00e9cnicas en aras de tener una radiograf\u00eda clara y precisa del real estado de las instituciones.<\/p>\n\n\n\n<p>La funcionaria record\u00f3 el compromiso que deben tener los padres con sus hijos en el sentido de que no solo es mandarlos al colegio sino estar con ellos despu\u00e9s de clases, haci\u00e9ndoles un seguimiento a sus obligaciones escolares, a sus amigos y al entorno en que se mueven para as\u00ed poder protegerlos.<\/p>\n\n\n\n<p>Finalmente entreg\u00f3 un parte de tranquilidad en torno al tema de vigilantes y aseadoras para las instituciones oficiales, recalcando que la seguridad  de las instituciones est\u00e1 garantizada y que se realizar\u00e1 una contrataci\u00f3n adicional del personal a  cargo de la limpieza.<\/p>\n","protected":false},"excerpt":{"rendered":"<p>Soledad, enero 23 de 2020. Un total de cien mil estudiantes de los sectores p\u00fablico y privado del municipio de Soledad iniciar\u00e1n la jornada escolar a partir del pr\u00f3ximo lunes, 27 de enero, y todo est\u00e1 preparado para recibirlos en las instituciones, inform\u00f3 Aida Ojeda, secretaria de Educaci\u00f3n. En reuni\u00f3n sostenida con los rectores de&#8230;<\/p>\n","protected":false},"author":1,"featured_media":83929,"comment_status":"open","ping_status":"open","sticky":false,"template":"","format":"standard","meta":[],"categories":[1],"tags":[],"jetpack_sharing_enabled":true,"jetpack_featured_media_url":"https:\/\/malamboradio.com\/web\/wp-content\/uploads\/2020\/01\/15171_todo-esta-preparado-para-que-100-mil-estudiantes-inicien_1024x600.jpeg","_links":{"self":[{"href":"https:\/\/malamboradio.com\/web\/wp-json\/wp\/v2\/posts\/83927"}],"collection":[{"href":"https:\/\/malamboradio.com\/web\/wp-json\/wp\/v2\/posts"}],"about":[{"href":"https:\/\/malamboradio.com\/web\/wp-json\/wp\/v2\/types\/post"}],"author":[{"embeddable":true,"href":"https:\/\/malamboradio.com\/web\/wp-json\/wp\/v2\/users\/1"}],"replies":[{"embeddable":true,"href":"https:\/\/malamboradio.com\/web\/wp-json\/wp\/v2\/comments?post=83927"}],"version-history":[{"count":1,"href":"https:\/\/malamboradio.com\/web\/wp-json\/wp\/v2\/posts\/83927\/revisions"}],"predecessor-version":[{"id":83932,"href":"https:\/\/malamboradio.com\/web\/wp-json\/wp\/v2\/posts\/83927\/revisions\/83932"}],"wp:featuredmedia":[{"embeddable":true,"href":"https:\/\/malamboradio.com\/web\/wp-json\/wp\/v2\/media\/83929"}],"wp:attachment":[{"href":"https:\/\/malamboradio.com\/web\/wp-json\/wp\/v2\/media?parent=83927"}],"wp:term":[{"taxonomy":"category","embeddable":true,"href":"https:\/\/malamboradio.com\/web\/wp-json\/wp\/v2\/categories?post=83927"},{"taxonomy":"post_tag","embeddable":true,"href":"https:\/\/malamboradio.com\/web\/wp-json\/wp\/v2\/tags?post=83927"}],"curies":[{"name":"wp","href":"https:\/\/api.w.org\/{rel}","templated":true}]}}