{"id":83911,"date":"2020-01-23T16:55:56","date_gmt":"2020-01-23T16:55:56","guid":{"rendered":"http:\/\/malamboradio.com\/web\/?p=83911"},"modified":"2020-01-23T16:55:57","modified_gmt":"2020-01-23T16:55:57","slug":"la-clausura-es-una-gran-responsabilidad-moises-diaz-gerente-de-la-copa-america-en-barranquilla","status":"publish","type":"post","link":"https:\/\/malamboradio.com\/web\/2020\/01\/23\/la-clausura-es-una-gran-responsabilidad-moises-diaz-gerente-de-la-copa-america-en-barranquilla\/","title":{"rendered":"&#8220;La clausura es una gran responsabilidad&#8221;: Mois\u00e9s D\u00edaz, gerente de la Copa Am\u00e9rica en Barranquilla"},"content":{"rendered":"\n<p>El barranquillero fue designado por la Conmebol.<\/p>\n\n\n\n<p><strong>Mois\u00e9s D\u00edaz Vel\u00e1squez<\/strong>, ingeniero y expresidente de la Liga de F\u00fatbol del Atl\u00e1ntico, fue designado este jueves como el gerente para Barranquilla de la Copa Am\u00e9rica 2020 por parte de la Confederaci\u00f3n Sudamericana de f\u00fatbol (Conmebol).<\/p>\n\n\n\n<p>D\u00edaz Vel\u00e1squez, ha tenido una vida vinculada al f\u00fatbol y es un profundo conocedor de la gerencia deportiva. Por ello, su designaci\u00f3n ha sido de buen recibimiento en la familia del deporte.<\/p>\n\n\n\n<p><em>&#8220;Dando gracias a Dios, al presidente Ram\u00f3n Jesurun, a \u00c1lvaro Gonz\u00e1lez, presidente de la Difutbol, y a la Conmebol, estamos para trabajar por la ciudad en este evento. Estuvimos reunidos con el presidente Ram\u00f3n Jesurun y a trav\u00e9s de la Conmebol dieron nuestro nombre&#8221;<\/em>, explic\u00f3 D\u00edaz Vel\u00e1squez en entrevista con el periodista Jorge Cura, director de Zona Cero y Atl\u00e1ntico en Noticias.<\/p>\n\n\n\n<p>El gerente para Barranquilla tendr\u00e1 que coordinar con un operador log\u00edstico local, as\u00ed como una persona que manejar\u00e1 todo el tema a nivel nacional.<\/p>\n\n\n\n<p><em>&#8220;La Conmebol ha designado un operador log\u00edstico, la idea es articular con ellos. La Federaci\u00f3n tiene un gerente nacional para la&nbsp;Copa Am\u00e9rica, es un equipo interdisciplinario donde vamos a coordinar temas administrativos, log\u00edsticos y deportivos&#8221;<\/em>, indic\u00f3.<\/p>\n\n\n\n<p>De otro lado, una de las grandes responsabilidades ser\u00e1 el juego de la gran final, la cual ser\u00e1 en el estadio Metropolitano Roberto Mel\u00e9ndez, el 12 de julio.<\/p>\n\n\n\n<p><em>&#8220;Tenemos la responsabilidad de la clausura. Para nuestra ciudad y nuestro pa\u00eds, la clausura es un referente importante y sabemos que no vamos a ser menos&#8221;,<\/em>&nbsp;asegur\u00f3.<\/p>\n\n\n\n<p><strong>Mois\u00e9s D\u00edaz Vel\u00e1squez<\/strong>&nbsp;viene de una intervenci\u00f3n quir\u00fargica por temas card\u00edacos de la cual sali\u00f3 en buenas condiciones y en la cual avanza en su proceso postoperatorio.<\/p>\n","protected":false},"excerpt":{"rendered":"<p>El barranquillero fue designado por la Conmebol. Mois\u00e9s D\u00edaz Vel\u00e1squez, ingeniero y expresidente de la Liga de F\u00fatbol del Atl\u00e1ntico, fue designado este jueves como el gerente para Barranquilla de la Copa Am\u00e9rica 2020 por parte de la Confederaci\u00f3n Sudamericana de f\u00fatbol (Conmebol). D\u00edaz Vel\u00e1squez, ha tenido una vida vinculada al f\u00fatbol y es un&#8230;<\/p>\n","protected":false},"author":1,"featured_media":83913,"comment_status":"open","ping_status":"open","sticky":false,"template":"","format":"standard","meta":[],"categories":[1],"tags":[],"jetpack_sharing_enabled":true,"jetpack_featured_media_url":"https:\/\/malamboradio.com\/web\/wp-content\/uploads\/2020\/01\/moises_diaz_1_.jpeg","_links":{"self":[{"href":"https:\/\/malamboradio.com\/web\/wp-json\/wp\/v2\/posts\/83911"}],"collection":[{"href":"https:\/\/malamboradio.com\/web\/wp-json\/wp\/v2\/posts"}],"about":[{"href":"https:\/\/malamboradio.com\/web\/wp-json\/wp\/v2\/types\/post"}],"author":[{"embeddable":true,"href":"https:\/\/malamboradio.com\/web\/wp-json\/wp\/v2\/users\/1"}],"replies":[{"embeddable":true,"href":"https:\/\/malamboradio.com\/web\/wp-json\/wp\/v2\/comments?post=83911"}],"version-history":[{"count":1,"href":"https:\/\/malamboradio.com\/web\/wp-json\/wp\/v2\/posts\/83911\/revisions"}],"predecessor-version":[{"id":83915,"href":"https:\/\/malamboradio.com\/web\/wp-json\/wp\/v2\/posts\/83911\/revisions\/83915"}],"wp:featuredmedia":[{"embeddable":true,"href":"https:\/\/malamboradio.com\/web\/wp-json\/wp\/v2\/media\/83913"}],"wp:attachment":[{"href":"https:\/\/malamboradio.com\/web\/wp-json\/wp\/v2\/media?parent=83911"}],"wp:term":[{"taxonomy":"category","embeddable":true,"href":"https:\/\/malamboradio.com\/web\/wp-json\/wp\/v2\/categories?post=83911"},{"taxonomy":"post_tag","embeddable":true,"href":"https:\/\/malamboradio.com\/web\/wp-json\/wp\/v2\/tags?post=83911"}],"curies":[{"name":"wp","href":"https:\/\/api.w.org\/{rel}","templated":true}]}}