{"id":83845,"date":"2020-01-23T14:46:58","date_gmt":"2020-01-23T14:46:58","guid":{"rendered":"http:\/\/malamboradio.com\/web\/?p=83845"},"modified":"2020-01-23T14:47:48","modified_gmt":"2020-01-23T14:47:48","slug":"gobierno-soledeno-impulsara-proyectos-de-emprendimiento-y-capacitacion-a-favor-de-madres-lideres-de-familias-en-accion","status":"publish","type":"post","link":"https:\/\/malamboradio.com\/web\/2020\/01\/23\/gobierno-soledeno-impulsara-proyectos-de-emprendimiento-y-capacitacion-a-favor-de-madres-lideres-de-familias-en-accion\/","title":{"rendered":"Gobierno solede\u00f1o impulsar\u00e1 proyectos de emprendimiento y capacitaci\u00f3n a favor de madres l\u00edderes de Familias en Acci\u00f3n"},"content":{"rendered":"\n<p>Soledad, enero 21 de 2020. En el primer encuentro de este a\u00f1o que sostuvieron funcionarios de la Alcald\u00eda Municipal y la primera gestora social de Soledad, Darley Santos Moreno, con las madres l\u00edderes del programa Familias en Acci\u00f3n, la administraci\u00f3n local asumi\u00f3 el compromiso de  apoyar los programas de capacitaci\u00f3n y los proyectos de emprendimiento de estas mujeres que se esfuerzan por el bienestar comunitario.<\/p>\n\n\n\n<p>El evento tambi\u00e9n sirvi\u00f3 como puente comunicacional para establecer las metas en concordancia con el plan de desarrollo y, con el apoyo de Sara Garc\u00eda, l\u00edder del programa, estrechar lazos de fraternidad entre los funcionarios y las madres asistentes.<\/p>\n\n\n\n<p>\u201cEl compromiso que asumimos con ustedes es gestionar programas de capacitaci\u00f3n y apoyarlas en los proyectos de emprendimiento que muchas tienen\u201d, les dijo la Primera Gestora Social, quien estuvo acompa\u00f1ada por el secretario de Gesti\u00f3n Social de Soledad, Deiber Conrado.<\/p>\n\n\n\n<p>Y agreg\u00f3 que: \u201cme llena de felicidad recibirlas porque son muy valiosas para nuestra sociedad. Ustedes son ese enlace entre el programa M\u00e1s Familias en Acci\u00f3n y las comunidades, son nuestro contacto en los barrios y quienes ayudan a los hogares a superar las condiciones de pobreza, por eso tambi\u00e9n son constructoras de paz y equidad\u201d.<\/p>\n\n\n\n<p>De igual forma enfatiz\u00f3 que: \u201cesta es la primera reuni\u00f3n, que la administraci\u00f3n de Rodolfo Ucr\u00f3s Rosales sostiene con ustedes, por ello deseo que se sientan c\u00f3modas y dispuestas a aportar y a construir, como siempre lo han venido haciendo\u201d.<\/p>\n\n\n\n<p>En el encuentro, las madres l\u00edderes fueron sorprendidas con la presencia del cantante vallenato Jorge O\u00f1ate, quien dio unas palabras de reconocimiento a las mujeres del programa y enton\u00f3 una canci\u00f3n en nombre de ellas. A esta sorpresa se uni\u00f3 la reina del Carnaval de Soledad 2020, Milena Vidal Donado, brindando una muestra del folclor solede\u00f1o a todos los asistentes.<\/p>\n\n\n\n<p>Las madres expresaron sus expectativas frente a la nueva administraci\u00f3n y agradecieron el apoyo que les est\u00e1n brindando el secretario Deiber Conrado y  la Primera Gestora Social.<\/p>\n\n\n\n<ul class=\"wp-block-gallery columns-2 is-cropped wp-block-gallery-1 is-layout-flex\"><li class=\"blocks-gallery-item\"><figure><img decoding=\"async\" loading=\"lazy\" width=\"1024\" height=\"682\" src=\"http:\/\/malamboradio.com\/web\/wp-content\/uploads\/2020\/01\/WhatsApp-Image-2020-01-23-at-08.44.23-1-1024x682.jpeg\" alt=\"\" data-id=\"83849\" data-link=\"http:\/\/malamboradio.com\/web\/2020\/01\/23\/gobierno-soledeno-impulsara-proyectos-de-emprendimiento-y-capacitacion-a-favor-de-madres-lideres-de-familias-en-accion\/whatsapp-image-2020-01-23-at-08-44-23-1\/\" class=\"wp-image-83849\" srcset=\"https:\/\/malamboradio.com\/web\/wp-content\/uploads\/2020\/01\/WhatsApp-Image-2020-01-23-at-08.44.23-1-1024x682.jpeg 1024w, https:\/\/malamboradio.com\/web\/wp-content\/uploads\/2020\/01\/WhatsApp-Image-2020-01-23-at-08.44.23-1-300x200.jpeg 300w, https:\/\/malamboradio.com\/web\/wp-content\/uploads\/2020\/01\/WhatsApp-Image-2020-01-23-at-08.44.23-1-768x512.jpeg 768w, https:\/\/malamboradio.com\/web\/wp-content\/uploads\/2020\/01\/WhatsApp-Image-2020-01-23-at-08.44.23-1-580x387.jpeg 580w, https:\/\/malamboradio.com\/web\/wp-content\/uploads\/2020\/01\/WhatsApp-Image-2020-01-23-at-08.44.23-1-860x573.jpeg 860w, https:\/\/malamboradio.com\/web\/wp-content\/uploads\/2020\/01\/WhatsApp-Image-2020-01-23-at-08.44.23-1-1160x773.jpeg 1160w, https:\/\/malamboradio.com\/web\/wp-content\/uploads\/2020\/01\/WhatsApp-Image-2020-01-23-at-08.44.23-1.jpeg 1280w\" sizes=\"(max-width: 1024px) 100vw, 1024px\" \/><\/figure><\/li><li class=\"blocks-gallery-item\"><figure><img decoding=\"async\" loading=\"lazy\" width=\"1024\" height=\"682\" src=\"http:\/\/malamboradio.com\/web\/wp-content\/uploads\/2020\/01\/WhatsApp-Image-2020-01-23-at-08.44.23-2-1024x682.jpeg\" alt=\"\" data-id=\"83850\" data-link=\"http:\/\/malamboradio.com\/web\/2020\/01\/23\/gobierno-soledeno-impulsara-proyectos-de-emprendimiento-y-capacitacion-a-favor-de-madres-lideres-de-familias-en-accion\/whatsapp-image-2020-01-23-at-08-44-23-2\/\" class=\"wp-image-83850\" srcset=\"https:\/\/malamboradio.com\/web\/wp-content\/uploads\/2020\/01\/WhatsApp-Image-2020-01-23-at-08.44.23-2-1024x682.jpeg 1024w, https:\/\/malamboradio.com\/web\/wp-content\/uploads\/2020\/01\/WhatsApp-Image-2020-01-23-at-08.44.23-2-300x200.jpeg 300w, https:\/\/malamboradio.com\/web\/wp-content\/uploads\/2020\/01\/WhatsApp-Image-2020-01-23-at-08.44.23-2-768x512.jpeg 768w, https:\/\/malamboradio.com\/web\/wp-content\/uploads\/2020\/01\/WhatsApp-Image-2020-01-23-at-08.44.23-2-580x387.jpeg 580w, https:\/\/malamboradio.com\/web\/wp-content\/uploads\/2020\/01\/WhatsApp-Image-2020-01-23-at-08.44.23-2-860x573.jpeg 860w, https:\/\/malamboradio.com\/web\/wp-content\/uploads\/2020\/01\/WhatsApp-Image-2020-01-23-at-08.44.23-2-1160x773.jpeg 1160w, https:\/\/malamboradio.com\/web\/wp-content\/uploads\/2020\/01\/WhatsApp-Image-2020-01-23-at-08.44.23-2.jpeg 1280w\" sizes=\"(max-width: 1024px) 100vw, 1024px\" \/><\/figure><\/li><\/ul>\n","protected":false},"excerpt":{"rendered":"<p>Soledad, enero 21 de 2020. En el primer encuentro de este a\u00f1o que sostuvieron funcionarios de la Alcald\u00eda Municipal y la primera gestora social de Soledad, Darley Santos Moreno, con las madres l\u00edderes del programa Familias en Acci\u00f3n, la administraci\u00f3n local asumi\u00f3 el compromiso de apoyar los programas de capacitaci\u00f3n y los proyectos de emprendimiento&#8230;<\/p>\n","protected":false},"author":1,"featured_media":83846,"comment_status":"open","ping_status":"open","sticky":false,"template":"","format":"standard","meta":[],"categories":[1],"tags":[],"jetpack_sharing_enabled":true,"jetpack_featured_media_url":"https:\/\/malamboradio.com\/web\/wp-content\/uploads\/2020\/01\/WhatsApp-Image-2020-01-23-at-08.44.23.jpeg","_links":{"self":[{"href":"https:\/\/malamboradio.com\/web\/wp-json\/wp\/v2\/posts\/83845"}],"collection":[{"href":"https:\/\/malamboradio.com\/web\/wp-json\/wp\/v2\/posts"}],"about":[{"href":"https:\/\/malamboradio.com\/web\/wp-json\/wp\/v2\/types\/post"}],"author":[{"embeddable":true,"href":"https:\/\/malamboradio.com\/web\/wp-json\/wp\/v2\/users\/1"}],"replies":[{"embeddable":true,"href":"https:\/\/malamboradio.com\/web\/wp-json\/wp\/v2\/comments?post=83845"}],"version-history":[{"count":2,"href":"https:\/\/malamboradio.com\/web\/wp-json\/wp\/v2\/posts\/83845\/revisions"}],"predecessor-version":[{"id":83851,"href":"https:\/\/malamboradio.com\/web\/wp-json\/wp\/v2\/posts\/83845\/revisions\/83851"}],"wp:featuredmedia":[{"embeddable":true,"href":"https:\/\/malamboradio.com\/web\/wp-json\/wp\/v2\/media\/83846"}],"wp:attachment":[{"href":"https:\/\/malamboradio.com\/web\/wp-json\/wp\/v2\/media?parent=83845"}],"wp:term":[{"taxonomy":"category","embeddable":true,"href":"https:\/\/malamboradio.com\/web\/wp-json\/wp\/v2\/categories?post=83845"},{"taxonomy":"post_tag","embeddable":true,"href":"https:\/\/malamboradio.com\/web\/wp-json\/wp\/v2\/tags?post=83845"}],"curies":[{"name":"wp","href":"https:\/\/api.w.org\/{rel}","templated":true}]}}