{"id":83806,"date":"2020-01-23T12:10:34","date_gmt":"2020-01-23T12:10:34","guid":{"rendered":"http:\/\/malamboradio.com\/web\/?p=83806"},"modified":"2020-01-23T12:10:37","modified_gmt":"2020-01-23T12:10:37","slug":"malambo-toma-la-iniciativa-para-prevenir-el-flagelo-del-trabajo-infantil-en-el-atlantico","status":"publish","type":"post","link":"https:\/\/malamboradio.com\/web\/2020\/01\/23\/malambo-toma-la-iniciativa-para-prevenir-el-flagelo-del-trabajo-infantil-en-el-atlantico\/","title":{"rendered":"Malambo toma la iniciativa para prevenir el flagelo del trabajo infantil en el Atl\u00e1ntico"},"content":{"rendered":"\n<p>En la Sala de Juntas de la Alcald\u00eda Municipal de Malambo se realiz\u00f3 la ma\u00f1ana de este mi\u00e9rcoles, 22 de enero, el primero de tres Consejos de Prevenci\u00f3n del Trabajo Infantil programados en el municipio de Malambo.<\/p>\n\n\n\n<p>La reuni\u00f3n se desarroll\u00f3 con la presencia del Secretario de Gobierno, Sergio Ram\u00edrez; miembros del Equipo M\u00f3vil de Protecci\u00f3n Infantil del ICBF, Comisar\u00eda de Familia, Oficina de Planeaci\u00f3n Municipal, Secretar\u00eda de Salud e Instituto de Cultura. En ella se ventilaron los requerimientos para efectos de proyecci\u00f3n del plan.<\/p>\n\n\n\n<p>Alveiro Castro, Coordinador del Equipo M\u00f3vil de Protecci\u00f3n Infantil del ICBF, manifest\u00f3 que el municipio de Malambo ha sido priorizado, gracias al buen desempe\u00f1o dentro de los compromisos pactados en el Departamento y el Ministerio de Trabajo.<\/p>\n\n\n\n<p>Aprovechando este reconocimiento, el Secretario de Gobierno, Sergio Ram\u00edrez, indic\u00f3 que \u201cqueremos ser abanderados en el departamento del Atl\u00e1ntico, estamos focalizados para enfrentar este flagelo del trabajo infantil y la idea en este primer encuentro, es generar un plan de acci\u00f3n que nos permita prevenir, controlar y erradicar esta problem\u00e1tica\u201d.<\/p>\n\n\n\n<p>Culminado el primer Consejo de Prevenci\u00f3n del Trabajo Infantil en Malambo,  se establecieron los siguientes compromisos: Crear pol\u00edticas p\u00fablicas que incluyan rubros determinados por la Ley, elaborar un plan de acci\u00f3n para erradicar el trabajo Infantil en Malambo, realizar censo y reuniones cada 2 meses para verificar los procesos.<\/p>\n\n\n\n<p>Asimismo, comparar los registros con el Sistema de Informaci\u00f3n Integrado para la Identificaci\u00f3n, Registro y Caracterizaci\u00f3n del Trabajo Infantil (SIRITI) y brindar asistencia t\u00e9cnica a rectores de colegios oficiales y desarrollo de campa\u00f1a institucional, precis\u00f3 el Secretario de Gobierno, Sergio Ram\u00edrez.<\/p>\n\n\n\n<ul class=\"wp-block-gallery columns-3 is-cropped wp-block-gallery-1 is-layout-flex\"><li class=\"blocks-gallery-item\"><figure><img decoding=\"async\" loading=\"lazy\" width=\"1024\" height=\"682\" src=\"http:\/\/malamboradio.com\/web\/wp-content\/uploads\/2020\/01\/WhatsApp-Image-2020-01-22-at-16.56.23-1024x682.jpeg\" alt=\"\" data-id=\"83808\" data-link=\"http:\/\/malamboradio.com\/web\/?attachment_id=83808\" class=\"wp-image-83808\" srcset=\"https:\/\/malamboradio.com\/web\/wp-content\/uploads\/2020\/01\/WhatsApp-Image-2020-01-22-at-16.56.23-1024x682.jpeg 1024w, https:\/\/malamboradio.com\/web\/wp-content\/uploads\/2020\/01\/WhatsApp-Image-2020-01-22-at-16.56.23-300x200.jpeg 300w, https:\/\/malamboradio.com\/web\/wp-content\/uploads\/2020\/01\/WhatsApp-Image-2020-01-22-at-16.56.23-768x512.jpeg 768w, https:\/\/malamboradio.com\/web\/wp-content\/uploads\/2020\/01\/WhatsApp-Image-2020-01-22-at-16.56.23-580x387.jpeg 580w, https:\/\/malamboradio.com\/web\/wp-content\/uploads\/2020\/01\/WhatsApp-Image-2020-01-22-at-16.56.23-860x573.jpeg 860w, https:\/\/malamboradio.com\/web\/wp-content\/uploads\/2020\/01\/WhatsApp-Image-2020-01-22-at-16.56.23-1160x773.jpeg 1160w, https:\/\/malamboradio.com\/web\/wp-content\/uploads\/2020\/01\/WhatsApp-Image-2020-01-22-at-16.56.23.jpeg 1280w\" sizes=\"(max-width: 1024px) 100vw, 1024px\" \/><\/figure><\/li><li class=\"blocks-gallery-item\"><figure><img decoding=\"async\" loading=\"lazy\" width=\"1024\" height=\"682\" src=\"http:\/\/malamboradio.com\/web\/wp-content\/uploads\/2020\/01\/WhatsApp-Image-2020-01-22-at-16.56.24-1-1024x682.jpeg\" alt=\"\" data-id=\"83809\" data-link=\"http:\/\/malamboradio.com\/web\/?attachment_id=83809\" class=\"wp-image-83809\" srcset=\"https:\/\/malamboradio.com\/web\/wp-content\/uploads\/2020\/01\/WhatsApp-Image-2020-01-22-at-16.56.24-1-1024x682.jpeg 1024w, https:\/\/malamboradio.com\/web\/wp-content\/uploads\/2020\/01\/WhatsApp-Image-2020-01-22-at-16.56.24-1-300x200.jpeg 300w, https:\/\/malamboradio.com\/web\/wp-content\/uploads\/2020\/01\/WhatsApp-Image-2020-01-22-at-16.56.24-1-768x512.jpeg 768w, https:\/\/malamboradio.com\/web\/wp-content\/uploads\/2020\/01\/WhatsApp-Image-2020-01-22-at-16.56.24-1-580x387.jpeg 580w, https:\/\/malamboradio.com\/web\/wp-content\/uploads\/2020\/01\/WhatsApp-Image-2020-01-22-at-16.56.24-1-860x573.jpeg 860w, https:\/\/malamboradio.com\/web\/wp-content\/uploads\/2020\/01\/WhatsApp-Image-2020-01-22-at-16.56.24-1-1160x773.jpeg 1160w, https:\/\/malamboradio.com\/web\/wp-content\/uploads\/2020\/01\/WhatsApp-Image-2020-01-22-at-16.56.24-1.jpeg 1280w\" sizes=\"(max-width: 1024px) 100vw, 1024px\" \/><\/figure><\/li><li class=\"blocks-gallery-item\"><figure><img decoding=\"async\" loading=\"lazy\" width=\"1024\" height=\"682\" src=\"http:\/\/malamboradio.com\/web\/wp-content\/uploads\/2020\/01\/WhatsApp-Image-2020-01-22-at-16.56.24-1024x682.jpeg\" alt=\"\" data-id=\"83810\" data-link=\"http:\/\/malamboradio.com\/web\/?attachment_id=83810\" class=\"wp-image-83810\" srcset=\"https:\/\/malamboradio.com\/web\/wp-content\/uploads\/2020\/01\/WhatsApp-Image-2020-01-22-at-16.56.24-1024x682.jpeg 1024w, https:\/\/malamboradio.com\/web\/wp-content\/uploads\/2020\/01\/WhatsApp-Image-2020-01-22-at-16.56.24-300x200.jpeg 300w, https:\/\/malamboradio.com\/web\/wp-content\/uploads\/2020\/01\/WhatsApp-Image-2020-01-22-at-16.56.24-768x512.jpeg 768w, https:\/\/malamboradio.com\/web\/wp-content\/uploads\/2020\/01\/WhatsApp-Image-2020-01-22-at-16.56.24-580x387.jpeg 580w, https:\/\/malamboradio.com\/web\/wp-content\/uploads\/2020\/01\/WhatsApp-Image-2020-01-22-at-16.56.24-860x573.jpeg 860w, https:\/\/malamboradio.com\/web\/wp-content\/uploads\/2020\/01\/WhatsApp-Image-2020-01-22-at-16.56.24-1160x773.jpeg 1160w, https:\/\/malamboradio.com\/web\/wp-content\/uploads\/2020\/01\/WhatsApp-Image-2020-01-22-at-16.56.24.jpeg 1280w\" sizes=\"(max-width: 1024px) 100vw, 1024px\" \/><\/figure><\/li><li class=\"blocks-gallery-item\"><figure><img decoding=\"async\" loading=\"lazy\" width=\"1024\" height=\"682\" src=\"http:\/\/malamboradio.com\/web\/wp-content\/uploads\/2020\/01\/WhatsApp-Image-2020-01-22-at-16.56.25-1024x682.jpeg\" alt=\"\" data-id=\"83811\" data-link=\"http:\/\/malamboradio.com\/web\/?attachment_id=83811\" class=\"wp-image-83811\" srcset=\"https:\/\/malamboradio.com\/web\/wp-content\/uploads\/2020\/01\/WhatsApp-Image-2020-01-22-at-16.56.25-1024x682.jpeg 1024w, https:\/\/malamboradio.com\/web\/wp-content\/uploads\/2020\/01\/WhatsApp-Image-2020-01-22-at-16.56.25-300x200.jpeg 300w, https:\/\/malamboradio.com\/web\/wp-content\/uploads\/2020\/01\/WhatsApp-Image-2020-01-22-at-16.56.25-768x512.jpeg 768w, https:\/\/malamboradio.com\/web\/wp-content\/uploads\/2020\/01\/WhatsApp-Image-2020-01-22-at-16.56.25-580x387.jpeg 580w, https:\/\/malamboradio.com\/web\/wp-content\/uploads\/2020\/01\/WhatsApp-Image-2020-01-22-at-16.56.25-860x573.jpeg 860w, https:\/\/malamboradio.com\/web\/wp-content\/uploads\/2020\/01\/WhatsApp-Image-2020-01-22-at-16.56.25-1160x773.jpeg 1160w, https:\/\/malamboradio.com\/web\/wp-content\/uploads\/2020\/01\/WhatsApp-Image-2020-01-22-at-16.56.25.jpeg 1280w\" sizes=\"(max-width: 1024px) 100vw, 1024px\" \/><\/figure><\/li><\/ul>\n\n\n\n<p>ASESOR\u00cdA DE COMUNICACIONES ALCALD\u00cdA DE MALAMBO<\/p>\n","protected":false},"excerpt":{"rendered":"<p>En la Sala de Juntas de la Alcald\u00eda Municipal de Malambo se realiz\u00f3 la ma\u00f1ana de este mi\u00e9rcoles, 22 de enero, el primero de tres Consejos de Prevenci\u00f3n del Trabajo Infantil programados en el municipio de Malambo. La reuni\u00f3n se desarroll\u00f3 con la presencia del Secretario de Gobierno, Sergio Ram\u00edrez; miembros del Equipo M\u00f3vil de&#8230;<\/p>\n","protected":false},"author":1,"featured_media":83810,"comment_status":"open","ping_status":"open","sticky":false,"template":"","format":"standard","meta":[],"categories":[1],"tags":[],"jetpack_sharing_enabled":true,"jetpack_featured_media_url":"https:\/\/malamboradio.com\/web\/wp-content\/uploads\/2020\/01\/WhatsApp-Image-2020-01-22-at-16.56.24.jpeg","_links":{"self":[{"href":"https:\/\/malamboradio.com\/web\/wp-json\/wp\/v2\/posts\/83806"}],"collection":[{"href":"https:\/\/malamboradio.com\/web\/wp-json\/wp\/v2\/posts"}],"about":[{"href":"https:\/\/malamboradio.com\/web\/wp-json\/wp\/v2\/types\/post"}],"author":[{"embeddable":true,"href":"https:\/\/malamboradio.com\/web\/wp-json\/wp\/v2\/users\/1"}],"replies":[{"embeddable":true,"href":"https:\/\/malamboradio.com\/web\/wp-json\/wp\/v2\/comments?post=83806"}],"version-history":[{"count":1,"href":"https:\/\/malamboradio.com\/web\/wp-json\/wp\/v2\/posts\/83806\/revisions"}],"predecessor-version":[{"id":83812,"href":"https:\/\/malamboradio.com\/web\/wp-json\/wp\/v2\/posts\/83806\/revisions\/83812"}],"wp:featuredmedia":[{"embeddable":true,"href":"https:\/\/malamboradio.com\/web\/wp-json\/wp\/v2\/media\/83810"}],"wp:attachment":[{"href":"https:\/\/malamboradio.com\/web\/wp-json\/wp\/v2\/media?parent=83806"}],"wp:term":[{"taxonomy":"category","embeddable":true,"href":"https:\/\/malamboradio.com\/web\/wp-json\/wp\/v2\/categories?post=83806"},{"taxonomy":"post_tag","embeddable":true,"href":"https:\/\/malamboradio.com\/web\/wp-json\/wp\/v2\/tags?post=83806"}],"curies":[{"name":"wp","href":"https:\/\/api.w.org\/{rel}","templated":true}]}}