{"id":83358,"date":"2020-01-22T16:02:47","date_gmt":"2020-01-22T16:02:47","guid":{"rendered":"http:\/\/malamboradio.com\/web\/?p=83358"},"modified":"2020-01-22T16:02:48","modified_gmt":"2020-01-22T16:02:48","slug":"comienza-proceso-de-verificacion-de-mas-familias-en-accion-en-malambo","status":"publish","type":"post","link":"https:\/\/malamboradio.com\/web\/2020\/01\/22\/comienza-proceso-de-verificacion-de-mas-familias-en-accion-en-malambo\/","title":{"rendered":"Comienza proceso de verificaci\u00f3n de M\u00e1s Familias en Acci\u00f3n en Malambo"},"content":{"rendered":"\n<p>A partir de este mi\u00e9rcoles 22 de enero, y hasta el viernes 7 de febrero, la Alcald\u00eda de Malambo, a trav\u00e9s de su Enlace Municipal, realizar\u00e1 el proceso de verificaci\u00f3n de los compromisos en educaci\u00f3n y salud para los beneficiarios (incluidas las familias ind\u00edgenas Mokan\u00e1) del programa M\u00e1s Familias en Acci\u00f3n en Malambo.<\/p>\n\n\n\n<p>Se revisar\u00e1 el periodo correspondiente a los meses de octubre y noviembre del 2019.<\/p>\n\n\n\n<p>Los beneficiarios en educaci\u00f3n tendr\u00e1n que aportar los certificados de asistencia a clases en el periodo indicado, de las entidades que no realizan el cruce de datos.<\/p>\n\n\n\n<p>De igual modo, en salud, se realizar\u00e1 el proceso de verificaci\u00f3n de cumplimientos (en crecimiento y desarrollo, medicina general, pediatr\u00eda u otra especialidad).<\/p>\n\n\n\n<p>Para adelantar los tr\u00e1mites se har\u00e1 cruce de informaci\u00f3n con la E.S.E. Hospital Santa Mar\u00eda Magdalena, entidad que debe notificar el cumplimiento de los ni\u00f1os que asistieron a sus citas entre los meses a verificar.<\/p>\n\n\n\n<p>Adem\u00e1s, las personas que est\u00e1n en el r\u00e9gimen contributivo deben aportar el certificado de asistencia a control.<\/p>\n\n\n\n<p>La jornada de atenci\u00f3n ser\u00e1 en horario de 8:00 a.m. a 12:00 m y de 2:00 p.m. a 5:00 p.m., primer piso del Palacio Municipal, en el \u00c1rea de Proyectos Sociales.<\/p>\n\n\n\n<p>Al finalizar las verificaciones, se proceder\u00e1 a organizar la programaci\u00f3n de pago, cuya fecha ser\u00e1 notificada por el Departamento de Prosperidad Social.<\/p>\n\n\n\n<p>ASESOR\u00cdA DE COMUNICACIONES ALCALD\u00cdA MUNICIPAL DE MALAMBO<\/p>\n","protected":false},"excerpt":{"rendered":"<p>A partir de este mi\u00e9rcoles 22 de enero, y hasta el viernes 7 de febrero, la Alcald\u00eda de Malambo, a trav\u00e9s de su Enlace Municipal, realizar\u00e1 el proceso de verificaci\u00f3n de los compromisos en educaci\u00f3n y salud para los beneficiarios (incluidas las familias ind\u00edgenas Mokan\u00e1) del programa M\u00e1s Familias en Acci\u00f3n en Malambo. Se revisar\u00e1&#8230;<\/p>\n","protected":false},"author":1,"featured_media":83360,"comment_status":"open","ping_status":"open","sticky":false,"template":"","format":"standard","meta":[],"categories":[1],"tags":[],"jetpack_sharing_enabled":true,"jetpack_featured_media_url":"https:\/\/malamboradio.com\/web\/wp-content\/uploads\/2020\/01\/WhatsApp-Image-2020-01-22-at-09.03.13.jpeg","_links":{"self":[{"href":"https:\/\/malamboradio.com\/web\/wp-json\/wp\/v2\/posts\/83358"}],"collection":[{"href":"https:\/\/malamboradio.com\/web\/wp-json\/wp\/v2\/posts"}],"about":[{"href":"https:\/\/malamboradio.com\/web\/wp-json\/wp\/v2\/types\/post"}],"author":[{"embeddable":true,"href":"https:\/\/malamboradio.com\/web\/wp-json\/wp\/v2\/users\/1"}],"replies":[{"embeddable":true,"href":"https:\/\/malamboradio.com\/web\/wp-json\/wp\/v2\/comments?post=83358"}],"version-history":[{"count":1,"href":"https:\/\/malamboradio.com\/web\/wp-json\/wp\/v2\/posts\/83358\/revisions"}],"predecessor-version":[{"id":83361,"href":"https:\/\/malamboradio.com\/web\/wp-json\/wp\/v2\/posts\/83358\/revisions\/83361"}],"wp:featuredmedia":[{"embeddable":true,"href":"https:\/\/malamboradio.com\/web\/wp-json\/wp\/v2\/media\/83360"}],"wp:attachment":[{"href":"https:\/\/malamboradio.com\/web\/wp-json\/wp\/v2\/media?parent=83358"}],"wp:term":[{"taxonomy":"category","embeddable":true,"href":"https:\/\/malamboradio.com\/web\/wp-json\/wp\/v2\/categories?post=83358"},{"taxonomy":"post_tag","embeddable":true,"href":"https:\/\/malamboradio.com\/web\/wp-json\/wp\/v2\/tags?post=83358"}],"curies":[{"name":"wp","href":"https:\/\/api.w.org\/{rel}","templated":true}]}}