{"id":80190,"date":"2020-01-18T21:30:50","date_gmt":"2020-01-18T21:30:50","guid":{"rendered":"http:\/\/malamboradio.com\/web\/?p=80190"},"modified":"2020-01-18T21:30:51","modified_gmt":"2020-01-18T21:30:51","slug":"iran-enviara-las-cajas-negras-del-avion-derribado-a-ucrania","status":"publish","type":"post","link":"https:\/\/malamboradio.com\/web\/2020\/01\/18\/iran-enviara-las-cajas-negras-del-avion-derribado-a-ucrania\/","title":{"rendered":"Ir\u00e1n enviar\u00e1 las cajas negras del avi\u00f3n derribado a Ucrania"},"content":{"rendered":"\n<p>Anunci\u00f3 este s\u00e1bado la Organizaci\u00f3n de la Aviaci\u00f3n Civil iran\u00ed.<\/p>\n\n\n\n<p>Teher\u00e1n va a enviar a Kiev las cajas negras del avi\u00f3n de Ukraine International Airlines (UIA), derribado por error en Ir\u00e1n con 176 personas a bordo, seg\u00fan anunci\u00f3 este s\u00e1bado la Organizaci\u00f3n de la Aviaci\u00f3n Civil de este pa\u00eds.<\/p>\n\n\n\n<p>El director general de la Junta de Investigaci\u00f3n de Accidentes de la Organizaci\u00f3n, Hasan Rezaifar, explic\u00f3 que a petici\u00f3n de las autoridades ucranianas las cajas negras&nbsp;<em>&#8220;no se leer\u00e1n en Ir\u00e1n, sino que se transferir\u00e1n a Ucrania para su an\u00e1lisis y lectura&#8221;.<\/em><\/p>\n\n\n\n<p>En ese proceso en Kiev participar\u00e1n expertos de Francia, Canad\u00e1 y Estados Unidos, detall\u00f3 Rezaifar, citado por la agencia semioficial Tasnim.<\/p>\n\n\n\n<p>Si el an\u00e1lisis de las cajas negras no es posible en Kiev, estas ser\u00e1n enviadas, seg\u00fan el responsable iran\u00ed, a Francia.<\/p>\n\n\n\n<p>El pasado 15 de enero, la Fiscal\u00eda General de Ucrania y el Servicio de Seguridad del pa\u00eds (SBU) pidieron a Ir\u00e1n la entrega de las cajas negras para asegurar su descodificaci\u00f3n&nbsp;<em>&#8220;adecuada&#8221;&nbsp;<\/em>y para&nbsp;<em>&#8220;preservar las pruebas&#8221;<\/em>.<\/p>\n\n\n\n<p>Por su parte, el Gobierno canadiense demand\u00f3 ayer a las autoridades iran\u00edes que indemnicen a las familias de las 176 v\u00edctimas del siniestro, ocurrido el pasado d\u00eda 8, y abog\u00f3 por enviar las cajas negras a Francia o al propio Canad\u00e1.<\/p>\n\n\n\n<p>En la tragedia del Boeing 737 de UIA, murieron 82 iran\u00edes, 57 canadienses y 29 personas que resid\u00edan en el pa\u00eds norteamericano, y once ucranianos (dos pasajeros y nueve tripulantes), entre otras nacionalidades.<\/p>\n\n\n\n<p>Las autoridades iran\u00edes negaron durante los primeros d\u00edas que se tratara de un derribo hasta que el pasado 11de enero las Fuerzas Armadas reconocieron que abatieron involuntariamente el aparato al confundirlo con un misil de crucero.<\/p>\n\n\n\n<p>Esta cat\u00e1strofe coincidi\u00f3 con un aumento de las tensiones entre Teher\u00e1n y Washington tras el asesinato en un bombardeo estadounidense del general iran\u00ed Qasem Soleiman\u00ed y el posterior ataque de Ir\u00e1n a una base en Irak con tropas norteamericanas.<\/p>\n\n\n\n<p>El derribo ha causado una gran indignaci\u00f3n entre la poblaci\u00f3n iran\u00ed, que protagoniz\u00f3 durante varios d\u00edas protestas limitadas contra el sistema isl\u00e1mico.<\/p>\n","protected":false},"excerpt":{"rendered":"<p>Anunci\u00f3 este s\u00e1bado la Organizaci\u00f3n de la Aviaci\u00f3n Civil iran\u00ed. Teher\u00e1n va a enviar a Kiev las cajas negras del avi\u00f3n de Ukraine International Airlines (UIA), derribado por error en Ir\u00e1n con 176 personas a bordo, seg\u00fan anunci\u00f3 este s\u00e1bado la Organizaci\u00f3n de la Aviaci\u00f3n Civil de este pa\u00eds. El director general de la Junta&#8230;<\/p>\n","protected":false},"author":1,"featured_media":80193,"comment_status":"open","ping_status":"open","sticky":false,"template":"","format":"standard","meta":[],"categories":[1],"tags":[],"jetpack_sharing_enabled":true,"jetpack_featured_media_url":"https:\/\/malamboradio.com\/web\/wp-content\/uploads\/2020\/01\/ucraniano_avion_1_.jpg","_links":{"self":[{"href":"https:\/\/malamboradio.com\/web\/wp-json\/wp\/v2\/posts\/80190"}],"collection":[{"href":"https:\/\/malamboradio.com\/web\/wp-json\/wp\/v2\/posts"}],"about":[{"href":"https:\/\/malamboradio.com\/web\/wp-json\/wp\/v2\/types\/post"}],"author":[{"embeddable":true,"href":"https:\/\/malamboradio.com\/web\/wp-json\/wp\/v2\/users\/1"}],"replies":[{"embeddable":true,"href":"https:\/\/malamboradio.com\/web\/wp-json\/wp\/v2\/comments?post=80190"}],"version-history":[{"count":1,"href":"https:\/\/malamboradio.com\/web\/wp-json\/wp\/v2\/posts\/80190\/revisions"}],"predecessor-version":[{"id":80194,"href":"https:\/\/malamboradio.com\/web\/wp-json\/wp\/v2\/posts\/80190\/revisions\/80194"}],"wp:featuredmedia":[{"embeddable":true,"href":"https:\/\/malamboradio.com\/web\/wp-json\/wp\/v2\/media\/80193"}],"wp:attachment":[{"href":"https:\/\/malamboradio.com\/web\/wp-json\/wp\/v2\/media?parent=80190"}],"wp:term":[{"taxonomy":"category","embeddable":true,"href":"https:\/\/malamboradio.com\/web\/wp-json\/wp\/v2\/categories?post=80190"},{"taxonomy":"post_tag","embeddable":true,"href":"https:\/\/malamboradio.com\/web\/wp-json\/wp\/v2\/tags?post=80190"}],"curies":[{"name":"wp","href":"https:\/\/api.w.org\/{rel}","templated":true}]}}