{"id":79017,"date":"2020-01-16T20:06:03","date_gmt":"2020-01-16T20:06:03","guid":{"rendered":"http:\/\/malamboradio.com\/web\/?p=79017"},"modified":"2020-01-16T20:06:04","modified_gmt":"2020-01-16T20:06:04","slug":"fallecio-efrain-el-caiman-sanchez-legendario-exarquero-de-junior-y-seleccion-colombia","status":"publish","type":"post","link":"https:\/\/malamboradio.com\/web\/2020\/01\/16\/fallecio-efrain-el-caiman-sanchez-legendario-exarquero-de-junior-y-seleccion-colombia\/","title":{"rendered":"Falleci\u00f3 Efra\u00edn \u2018El Caim\u00e1n\u2019 S\u00e1nchez, legendario exarquero de Junior y Selecci\u00f3n Colombia"},"content":{"rendered":"\n<p>El barranquillero falleci\u00f3 a sus 93 a\u00f1os en Bogot\u00e1.<\/p>\n\n\n\n<p>Efra\u00edn \u2018El Caim\u00e1n\u2019 S\u00e1nchez , legendario ex arquero de la selecci\u00f3n Colombia, Millonarios, San Lorenzo de Almagro, Am\u00e9rica, Cali, Junior, Santa Fe, Medell\u00edn y Atlas de M\u00e9xico, falleci\u00f3 este jueves en Bogot\u00e1 en horas de la tarde a sus 93 a\u00f1os.<\/p>\n\n\n\n<p>La noticia fue confirmada por un familiar a nuestra pagina aliada de EL HERALDO.\u00a0 El barranquillero, guardameta titular de Colombia en el Mundial de Chile-1962 y subcampe\u00f3n como entrenador del combinado patrio en la Copa Am\u00e9rica 1975, estaba radicado en Bogot\u00e1 con su esposa Xiomara Hern\u00e1ndez y dos de sus seis hijos.<\/p>\n","protected":false},"excerpt":{"rendered":"<p>El barranquillero falleci\u00f3 a sus 93 a\u00f1os en Bogot\u00e1. Efra\u00edn \u2018El Caim\u00e1n\u2019 S\u00e1nchez , legendario ex arquero de la selecci\u00f3n Colombia, Millonarios, San Lorenzo de Almagro, Am\u00e9rica, Cali, Junior, Santa Fe, Medell\u00edn y Atlas de M\u00e9xico, falleci\u00f3 este jueves en Bogot\u00e1 en horas de la tarde a sus 93 a\u00f1os. La noticia fue confirmada por&#8230;<\/p>\n","protected":false},"author":1,"featured_media":79019,"comment_status":"open","ping_status":"open","sticky":false,"template":"","format":"standard","meta":[],"categories":[1],"tags":[],"jetpack_sharing_enabled":true,"jetpack_featured_media_url":"https:\/\/malamboradio.com\/web\/wp-content\/uploads\/2020\/01\/whatsapp_image_2020-01-16_at_2.41.04_pm.jpeg","_links":{"self":[{"href":"https:\/\/malamboradio.com\/web\/wp-json\/wp\/v2\/posts\/79017"}],"collection":[{"href":"https:\/\/malamboradio.com\/web\/wp-json\/wp\/v2\/posts"}],"about":[{"href":"https:\/\/malamboradio.com\/web\/wp-json\/wp\/v2\/types\/post"}],"author":[{"embeddable":true,"href":"https:\/\/malamboradio.com\/web\/wp-json\/wp\/v2\/users\/1"}],"replies":[{"embeddable":true,"href":"https:\/\/malamboradio.com\/web\/wp-json\/wp\/v2\/comments?post=79017"}],"version-history":[{"count":1,"href":"https:\/\/malamboradio.com\/web\/wp-json\/wp\/v2\/posts\/79017\/revisions"}],"predecessor-version":[{"id":79020,"href":"https:\/\/malamboradio.com\/web\/wp-json\/wp\/v2\/posts\/79017\/revisions\/79020"}],"wp:featuredmedia":[{"embeddable":true,"href":"https:\/\/malamboradio.com\/web\/wp-json\/wp\/v2\/media\/79019"}],"wp:attachment":[{"href":"https:\/\/malamboradio.com\/web\/wp-json\/wp\/v2\/media?parent=79017"}],"wp:term":[{"taxonomy":"category","embeddable":true,"href":"https:\/\/malamboradio.com\/web\/wp-json\/wp\/v2\/categories?post=79017"},{"taxonomy":"post_tag","embeddable":true,"href":"https:\/\/malamboradio.com\/web\/wp-json\/wp\/v2\/tags?post=79017"}],"curies":[{"name":"wp","href":"https:\/\/api.w.org\/{rel}","templated":true}]}}