{"id":78489,"date":"2020-01-15T11:57:19","date_gmt":"2020-01-15T11:57:19","guid":{"rendered":"http:\/\/malamboradio.com\/web\/?p=78489"},"modified":"2020-01-15T11:57:21","modified_gmt":"2020-01-15T11:57:21","slug":"alcaldia-de-malambo-y-sena-establecen-plan-de-accion-para-capacitar-y-generar-ofertas-de-empleo-a-los-malamberos","status":"publish","type":"post","link":"https:\/\/malamboradio.com\/web\/2020\/01\/15\/alcaldia-de-malambo-y-sena-establecen-plan-de-accion-para-capacitar-y-generar-ofertas-de-empleo-a-los-malamberos\/","title":{"rendered":"Alcald\u00eda de Malambo y Sena establecen plan de acci\u00f3n para capacitar y generar ofertas de empleo a los malamberos"},"content":{"rendered":"\n<p>Malambo. 14 de enero de 2020. El Alcalde de Malambo, Rumenigge Monsalve, se reuni\u00f3 la ma\u00f1ana de este martes con la directora regional del Sena Atl\u00e1ntico, Jaqueline Rojas, con el prop\u00f3sito de establecer un plan de acci\u00f3n durante estos 4 a\u00f1os, que le permita a los malamberos capacitarse en cursos complementarios, carreras t\u00e9cnicas y tecnol\u00f3gicas, y acceder a ofertas de empleo.<\/p>\n\n\n\n<p>\u201cEn esta reuni\u00f3n presentamos una oferta genuina para todas las necesidades que tiene el municipio de Malambo en temas de educaci\u00f3n. No podemos hablar de empleabilidad para los malamberos, si estos no se encuentran capacitados para la inserci\u00f3n laboral\u201d, explic\u00f3 el Alcalde Rumenigge Monsalve.<\/p>\n\n\n\n<p>De este modo, qued\u00f3 establecida una ruta para que pr\u00f3ximamente se creen unas ofertas educativas y nuestros j\u00f3venes y adultos accedan a la educaci\u00f3n superior por medio del Sena.<\/p>\n\n\n\n<p>Por otra parte, el burgomaestre municipal aprovech\u00f3 la reuni\u00f3n con la directora del Sena para exhortarla a que la instituci\u00f3n que preside se convierta en una aliada estrat\u00e9gica para la recuperaci\u00f3n de la ci\u00e9naga y el desarrollo agroindustrial del municipio.<\/p>\n\n\n\n<ul class=\"wp-block-gallery columns-2 is-cropped wp-block-gallery-1 is-layout-flex\"><li class=\"blocks-gallery-item\"><figure><img decoding=\"async\" loading=\"lazy\" width=\"1024\" height=\"768\" src=\"http:\/\/malamboradio.com\/web\/wp-content\/uploads\/2020\/01\/WhatsApp-Image-2020-01-14-at-15.58.08-1-1024x768.jpeg\" alt=\"\" data-id=\"78490\" data-link=\"http:\/\/malamboradio.com\/web\/?attachment_id=78490\" class=\"wp-image-78490\" srcset=\"https:\/\/malamboradio.com\/web\/wp-content\/uploads\/2020\/01\/WhatsApp-Image-2020-01-14-at-15.58.08-1.jpeg 1024w, https:\/\/malamboradio.com\/web\/wp-content\/uploads\/2020\/01\/WhatsApp-Image-2020-01-14-at-15.58.08-1-300x225.jpeg 300w, https:\/\/malamboradio.com\/web\/wp-content\/uploads\/2020\/01\/WhatsApp-Image-2020-01-14-at-15.58.08-1-768x576.jpeg 768w, https:\/\/malamboradio.com\/web\/wp-content\/uploads\/2020\/01\/WhatsApp-Image-2020-01-14-at-15.58.08-1-580x435.jpeg 580w, https:\/\/malamboradio.com\/web\/wp-content\/uploads\/2020\/01\/WhatsApp-Image-2020-01-14-at-15.58.08-1-860x645.jpeg 860w\" sizes=\"(max-width: 1024px) 100vw, 1024px\" \/><\/figure><\/li><li class=\"blocks-gallery-item\"><figure><img decoding=\"async\" loading=\"lazy\" width=\"1024\" height=\"768\" src=\"http:\/\/malamboradio.com\/web\/wp-content\/uploads\/2020\/01\/WhatsApp-Image-2020-01-14-at-15.58.08-1024x768.jpeg\" alt=\"\" data-id=\"78491\" data-link=\"http:\/\/malamboradio.com\/web\/?attachment_id=78491\" class=\"wp-image-78491\" srcset=\"https:\/\/malamboradio.com\/web\/wp-content\/uploads\/2020\/01\/WhatsApp-Image-2020-01-14-at-15.58.08.jpeg 1024w, https:\/\/malamboradio.com\/web\/wp-content\/uploads\/2020\/01\/WhatsApp-Image-2020-01-14-at-15.58.08-300x225.jpeg 300w, https:\/\/malamboradio.com\/web\/wp-content\/uploads\/2020\/01\/WhatsApp-Image-2020-01-14-at-15.58.08-768x576.jpeg 768w, https:\/\/malamboradio.com\/web\/wp-content\/uploads\/2020\/01\/WhatsApp-Image-2020-01-14-at-15.58.08-580x435.jpeg 580w, https:\/\/malamboradio.com\/web\/wp-content\/uploads\/2020\/01\/WhatsApp-Image-2020-01-14-at-15.58.08-860x645.jpeg 860w\" sizes=\"(max-width: 1024px) 100vw, 1024px\" \/><\/figure><\/li><\/ul>\n\n\n\n<p>ASESOR\u00cdA DE COMUNICACIONES<br>ALCALD\u00cdA MUNICIPAL DE MALAMBO<\/p>\n","protected":false},"excerpt":{"rendered":"<p>Malambo. 14 de enero de 2020. El Alcalde de Malambo, Rumenigge Monsalve, se reuni\u00f3 la ma\u00f1ana de este martes con la directora regional del Sena Atl\u00e1ntico, Jaqueline Rojas, con el prop\u00f3sito de establecer un plan de acci\u00f3n durante estos 4 a\u00f1os, que le permita a los malamberos capacitarse en cursos complementarios, carreras t\u00e9cnicas y tecnol\u00f3gicas,&#8230;<\/p>\n","protected":false},"author":1,"featured_media":78490,"comment_status":"open","ping_status":"open","sticky":false,"template":"","format":"standard","meta":[],"categories":[1],"tags":[],"jetpack_sharing_enabled":true,"jetpack_featured_media_url":"https:\/\/malamboradio.com\/web\/wp-content\/uploads\/2020\/01\/WhatsApp-Image-2020-01-14-at-15.58.08-1.jpeg","_links":{"self":[{"href":"https:\/\/malamboradio.com\/web\/wp-json\/wp\/v2\/posts\/78489"}],"collection":[{"href":"https:\/\/malamboradio.com\/web\/wp-json\/wp\/v2\/posts"}],"about":[{"href":"https:\/\/malamboradio.com\/web\/wp-json\/wp\/v2\/types\/post"}],"author":[{"embeddable":true,"href":"https:\/\/malamboradio.com\/web\/wp-json\/wp\/v2\/users\/1"}],"replies":[{"embeddable":true,"href":"https:\/\/malamboradio.com\/web\/wp-json\/wp\/v2\/comments?post=78489"}],"version-history":[{"count":1,"href":"https:\/\/malamboradio.com\/web\/wp-json\/wp\/v2\/posts\/78489\/revisions"}],"predecessor-version":[{"id":78492,"href":"https:\/\/malamboradio.com\/web\/wp-json\/wp\/v2\/posts\/78489\/revisions\/78492"}],"wp:featuredmedia":[{"embeddable":true,"href":"https:\/\/malamboradio.com\/web\/wp-json\/wp\/v2\/media\/78490"}],"wp:attachment":[{"href":"https:\/\/malamboradio.com\/web\/wp-json\/wp\/v2\/media?parent=78489"}],"wp:term":[{"taxonomy":"category","embeddable":true,"href":"https:\/\/malamboradio.com\/web\/wp-json\/wp\/v2\/categories?post=78489"},{"taxonomy":"post_tag","embeddable":true,"href":"https:\/\/malamboradio.com\/web\/wp-json\/wp\/v2\/tags?post=78489"}],"curies":[{"name":"wp","href":"https:\/\/api.w.org\/{rel}","templated":true}]}}