{"id":76786,"date":"2020-01-10T12:15:41","date_gmt":"2020-01-10T12:15:41","guid":{"rendered":"http:\/\/malamboradio.com\/web\/?p=76786"},"modified":"2020-01-10T12:15:43","modified_gmt":"2020-01-10T12:15:43","slug":"comunicado-a-la-opinion-publica","status":"publish","type":"post","link":"https:\/\/malamboradio.com\/web\/2020\/01\/10\/comunicado-a-la-opinion-publica\/","title":{"rendered":"COMUNICADO A LA OPINION PUBLICA"},"content":{"rendered":"\n<p>El Concejo Municipal de Soledad &#8211; Atl\u00e9ntico, informa a la comunidad en general que mediante Resoluci\u00e9n No.006 de enero 7 de 2020, la Mesa Directiva de la Corporaci\u00e9n, revoc\u00e9 los actos administrativos proferidos por la anterior Mesa\nDirectiva referente at concurso\nde m\u00e9ritos y convocatoria para\nproveer los cargos de Personero Municipal periodo 2020-2024 y Contralor Municipal periodo 2020-2021,\npor considerar que\nexistieron graves falencias jurfdicas en dichos procesos; a\nsu vez esta Corporaci\u00e9n solicit\u00e9 el acompanamiento de la Procuraduria General de la Naci\u00e9n para el nuevo proceso que se iniciar\u00e9 en breve.<\/p>\n\n\n\n<p>La Resoluci\u00e9n No.006 de 2020, fue enviada a la Procuraduria General de\nla Naci\u00e9n para que tenga conocimiento de to actuado\npor esta Corporaci\u00e9n.<\/p>\n\n\n\n<p>Reiteramos que nuestra\nactuaci\u00e9n administrativa se\nencuadra en eI respeto de\nla normatividad pertinente.<\/p>\n","protected":false},"excerpt":{"rendered":"<p>El Concejo Municipal de Soledad &#8211; Atl\u00e9ntico, informa a la comunidad en general que mediante Resoluci\u00e9n No.006 de enero 7 de 2020, la Mesa Directiva de la Corporaci\u00e9n, revoc\u00e9 los actos administrativos proferidos por la anterior Mesa Directiva referente at concurso de m\u00e9ritos y convocatoria para proveer los cargos de Personero Municipal periodo 2020-2024 y&#8230;<\/p>\n","protected":false},"author":1,"featured_media":76787,"comment_status":"open","ping_status":"open","sticky":false,"template":"","format":"standard","meta":[],"categories":[1],"tags":[],"jetpack_sharing_enabled":true,"jetpack_featured_media_url":"https:\/\/malamboradio.com\/web\/wp-content\/uploads\/2020\/01\/soledad.jpg","_links":{"self":[{"href":"https:\/\/malamboradio.com\/web\/wp-json\/wp\/v2\/posts\/76786"}],"collection":[{"href":"https:\/\/malamboradio.com\/web\/wp-json\/wp\/v2\/posts"}],"about":[{"href":"https:\/\/malamboradio.com\/web\/wp-json\/wp\/v2\/types\/post"}],"author":[{"embeddable":true,"href":"https:\/\/malamboradio.com\/web\/wp-json\/wp\/v2\/users\/1"}],"replies":[{"embeddable":true,"href":"https:\/\/malamboradio.com\/web\/wp-json\/wp\/v2\/comments?post=76786"}],"version-history":[{"count":1,"href":"https:\/\/malamboradio.com\/web\/wp-json\/wp\/v2\/posts\/76786\/revisions"}],"predecessor-version":[{"id":76788,"href":"https:\/\/malamboradio.com\/web\/wp-json\/wp\/v2\/posts\/76786\/revisions\/76788"}],"wp:featuredmedia":[{"embeddable":true,"href":"https:\/\/malamboradio.com\/web\/wp-json\/wp\/v2\/media\/76787"}],"wp:attachment":[{"href":"https:\/\/malamboradio.com\/web\/wp-json\/wp\/v2\/media?parent=76786"}],"wp:term":[{"taxonomy":"category","embeddable":true,"href":"https:\/\/malamboradio.com\/web\/wp-json\/wp\/v2\/categories?post=76786"},{"taxonomy":"post_tag","embeddable":true,"href":"https:\/\/malamboradio.com\/web\/wp-json\/wp\/v2\/tags?post=76786"}],"curies":[{"name":"wp","href":"https:\/\/api.w.org\/{rel}","templated":true}]}}