{"id":71043,"date":"2019-12-13T22:50:52","date_gmt":"2019-12-13T22:50:52","guid":{"rendered":"http:\/\/malamboradio.com\/web\/?p=71043"},"modified":"2019-12-13T22:50:55","modified_gmt":"2019-12-13T22:50:55","slug":"en-servicio-distrito-de-policia-turistico-en-barranquilla-inicia-con-73-uniformados","status":"publish","type":"post","link":"https:\/\/malamboradio.com\/web\/2019\/12\/13\/en-servicio-distrito-de-policia-turistico-en-barranquilla-inicia-con-73-uniformados\/","title":{"rendered":"En servicio Distrito de Polic\u00eda Tur\u00edstico en Barranquilla: inicia con 73 uniformados"},"content":{"rendered":"\n<p>Los polic\u00edas al servicio de la seguridad en el Malec\u00f3n pertenecen a 5 Cais y 7 cuadrantes<\/p>\n\n\n\n<p>La Polic\u00eda Metropolitana de Barranquilla activ\u00f3 este viernes el<strong>&nbsp;Distrito de Turismo<\/strong>&nbsp;que vigilar\u00e1 desde la fecha el Malec\u00f3n del R\u00edo y la zona de influencia.<\/p>\n\n\n\n<p>Son 73 uniformados de la instituci\u00f3n que estar\u00e1n al servicio de la seguridad en la zona que en los \u00faltimos d\u00edas se ha visto afectada&nbsp; por casos de delincuencia.<\/p>\n\n\n\n<p>Los polic\u00edas al servicio de la seguridad en el Malec\u00f3n pertenecen a 5 Cais y 7 cuadrantes. Se habilitar\u00e1n uniformados de los CAIs Romelio Mart\u00ednez, Unial, Tres Avemar\u00edas, San Jos\u00e9 y Aduana.<\/p>\n\n\n\n<ul class=\"wp-block-gallery columns-1 is-cropped wp-block-gallery-1 is-layout-flex\"><li class=\"blocks-gallery-item\"><figure><img decoding=\"async\" loading=\"lazy\" width=\"1024\" height=\"768\" src=\"http:\/\/malamboradio.com\/web\/wp-content\/uploads\/2019\/12\/distrito_de_turismo-_malecon_15-1024x768.jpeg\" alt=\"\" data-id=\"71044\" data-link=\"http:\/\/malamboradio.com\/web\/?attachment_id=71044\" class=\"wp-image-71044\" srcset=\"https:\/\/malamboradio.com\/web\/wp-content\/uploads\/2019\/12\/distrito_de_turismo-_malecon_15-1024x768.jpeg 1024w, https:\/\/malamboradio.com\/web\/wp-content\/uploads\/2019\/12\/distrito_de_turismo-_malecon_15-300x225.jpeg 300w, https:\/\/malamboradio.com\/web\/wp-content\/uploads\/2019\/12\/distrito_de_turismo-_malecon_15-768x576.jpeg 768w, https:\/\/malamboradio.com\/web\/wp-content\/uploads\/2019\/12\/distrito_de_turismo-_malecon_15-580x435.jpeg 580w, https:\/\/malamboradio.com\/web\/wp-content\/uploads\/2019\/12\/distrito_de_turismo-_malecon_15-860x645.jpeg 860w, https:\/\/malamboradio.com\/web\/wp-content\/uploads\/2019\/12\/distrito_de_turismo-_malecon_15-1160x870.jpeg 1160w, https:\/\/malamboradio.com\/web\/wp-content\/uploads\/2019\/12\/distrito_de_turismo-_malecon_15.jpeg 1280w\" sizes=\"(max-width: 1024px) 100vw, 1024px\" \/><\/figure><\/li><\/ul>\n\n\n\n<p>En representaci\u00f3n del Alcalde Alejandro Char estuvo el secretario de Cultura, Juan Jos\u00e9 Jaramillo, quien destac\u00f3 este acto como una manera de apuntarle al turismo. <\/p>\n\n\n\n<ul class=\"wp-block-gallery columns-1 is-cropped wp-block-gallery-3 is-layout-flex\"><li class=\"blocks-gallery-item\"><figure><img decoding=\"async\" loading=\"lazy\" width=\"1024\" height=\"768\" src=\"http:\/\/malamboradio.com\/web\/wp-content\/uploads\/2019\/12\/distrito_de_turismo-_malecon_12-1024x768.jpeg\" alt=\"\" data-id=\"71046\" data-link=\"http:\/\/malamboradio.com\/web\/?attachment_id=71046\" class=\"wp-image-71046\" srcset=\"https:\/\/malamboradio.com\/web\/wp-content\/uploads\/2019\/12\/distrito_de_turismo-_malecon_12-1024x768.jpeg 1024w, https:\/\/malamboradio.com\/web\/wp-content\/uploads\/2019\/12\/distrito_de_turismo-_malecon_12-300x225.jpeg 300w, https:\/\/malamboradio.com\/web\/wp-content\/uploads\/2019\/12\/distrito_de_turismo-_malecon_12-768x576.jpeg 768w, https:\/\/malamboradio.com\/web\/wp-content\/uploads\/2019\/12\/distrito_de_turismo-_malecon_12-580x435.jpeg 580w, https:\/\/malamboradio.com\/web\/wp-content\/uploads\/2019\/12\/distrito_de_turismo-_malecon_12-860x645.jpeg 860w, https:\/\/malamboradio.com\/web\/wp-content\/uploads\/2019\/12\/distrito_de_turismo-_malecon_12-1160x870.jpeg 1160w, https:\/\/malamboradio.com\/web\/wp-content\/uploads\/2019\/12\/distrito_de_turismo-_malecon_12.jpeg 1280w\" sizes=\"(max-width: 1024px) 100vw, 1024px\" \/><\/figure><\/li><\/ul>\n\n\n\n<p>Resalt\u00f3 el funcionario el trabajo que se viene haciendo con el Gobierno Nacional para impulsar la actividad tur\u00edstica.&nbsp;<em>&#8220;De una manera legal y sostenible<\/em>&#8220;, se\u00f1al\u00f3 Jaramillo.<\/p>\n\n\n\n<p>El acto de puesta en servicio del CAI de Turismo cont\u00f3 con la asistencia del jefe de la Direcci\u00f3n de Protecci\u00f3n, General, Luis Humberto Poveda Zapata; el director de la Regional 8 de Polic\u00eda, general Mariano Botero Coy, el Comandante de la Polic\u00eda Metropolitana de Barranquilla, General Ricardo Alarc\u00f3n y el jefe de la Oficina de Seguridad y Convivencia, Yesid Turbay.<\/p>\n","protected":false},"excerpt":{"rendered":"<p>Los polic\u00edas al servicio de la seguridad en el Malec\u00f3n pertenecen a 5 Cais y 7 cuadrantes La Polic\u00eda Metropolitana de Barranquilla activ\u00f3 este viernes el&nbsp;Distrito de Turismo&nbsp;que vigilar\u00e1 desde la fecha el Malec\u00f3n del R\u00edo y la zona de influencia. Son 73 uniformados de la instituci\u00f3n que estar\u00e1n al servicio de la seguridad en&#8230;<\/p>\n","protected":false},"author":1,"featured_media":71047,"comment_status":"open","ping_status":"open","sticky":false,"template":"","format":"standard","meta":[],"categories":[1],"tags":[],"jetpack_sharing_enabled":true,"jetpack_featured_media_url":"https:\/\/malamboradio.com\/web\/wp-content\/uploads\/2019\/12\/distrito_de_turismo-_malecon_1.jpeg","_links":{"self":[{"href":"https:\/\/malamboradio.com\/web\/wp-json\/wp\/v2\/posts\/71043"}],"collection":[{"href":"https:\/\/malamboradio.com\/web\/wp-json\/wp\/v2\/posts"}],"about":[{"href":"https:\/\/malamboradio.com\/web\/wp-json\/wp\/v2\/types\/post"}],"author":[{"embeddable":true,"href":"https:\/\/malamboradio.com\/web\/wp-json\/wp\/v2\/users\/1"}],"replies":[{"embeddable":true,"href":"https:\/\/malamboradio.com\/web\/wp-json\/wp\/v2\/comments?post=71043"}],"version-history":[{"count":1,"href":"https:\/\/malamboradio.com\/web\/wp-json\/wp\/v2\/posts\/71043\/revisions"}],"predecessor-version":[{"id":71048,"href":"https:\/\/malamboradio.com\/web\/wp-json\/wp\/v2\/posts\/71043\/revisions\/71048"}],"wp:featuredmedia":[{"embeddable":true,"href":"https:\/\/malamboradio.com\/web\/wp-json\/wp\/v2\/media\/71047"}],"wp:attachment":[{"href":"https:\/\/malamboradio.com\/web\/wp-json\/wp\/v2\/media?parent=71043"}],"wp:term":[{"taxonomy":"category","embeddable":true,"href":"https:\/\/malamboradio.com\/web\/wp-json\/wp\/v2\/categories?post=71043"},{"taxonomy":"post_tag","embeddable":true,"href":"https:\/\/malamboradio.com\/web\/wp-json\/wp\/v2\/tags?post=71043"}],"curies":[{"name":"wp","href":"https:\/\/api.w.org\/{rel}","templated":true}]}}