{"id":70276,"date":"2019-12-07T15:05:18","date_gmt":"2019-12-07T15:05:18","guid":{"rendered":"http:\/\/malamboradio.com\/web\/?p=70276"},"modified":"2019-12-07T15:05:38","modified_gmt":"2019-12-07T15:05:38","slug":"libre-el-exrastrojo-brayan-borre-barreto-por-vencimiento-de-terminos","status":"publish","type":"post","link":"https:\/\/malamboradio.com\/web\/2019\/12\/07\/libre-el-exrastrojo-brayan-borre-barreto-por-vencimiento-de-terminos\/","title":{"rendered":"Libre el exRastrojo Brayan Borr\u00e9 Barreto por vencimiento de t\u00e9rminos"},"content":{"rendered":"\n<p>El exparamilitar alias T\u00edo Guillo estaba recluido en la c\u00e1rcel La Picota de Bogot\u00e1.<\/p>\n\n\n\n<p>El 24 de julio de 2011, Brayan Eduardo Borr\u00e9 Barreto, alias T\u00edo Guillo, exl\u00edder de la banda criminal \u2018Los Rastrojos-Coste\u00f1os\u2019, fue capturado por la Polic\u00eda de Bol\u00edvar, cuando se desplazaba por Turbaco en una camioneta.<\/p>\n\n\n\n<p>El reconocido delincuente hab\u00eda decidido marcharse de Atl\u00e1ntico hacia el vecino departamento, tras la presi\u00f3n ejercida por la Polic\u00eda en el barrio La Pradera y el municipio de Soledad, sus antiguas zonas de actividad criminal.<\/p>\n\n\n\n<p>La Fiscal\u00eda lo se\u00f1ala de estar vinculado junto a su hermano Juan Manuel, de la comisi\u00f3n de al menos 145 homicidios en ambos departamentos. De estos, 84 ser\u00edan responsabilidad de \u2018T\u00edo Guillo\u2019.<\/p>\n\n\n\n<p>Hasta ese momento, Borr\u00e9 se encontraba recluido en la c\u00e1rcel La Picota de Bogot\u00e1, a donde lo trasladaron luego de pasar varios meses en la c\u00e1rcel de m\u00e1xima seguridad de C\u00f3mbita, Boyac\u00e1.<\/p>\n\n\n\n<p>M\u00faltiples homicidios. \u2018T\u00edo Guillo\u2019 qued\u00f3 en la mira de las autoridades en 2013 cuando hubo una seguidilla de asesinatos de vendedoras de chance y de conductores de buses urbanos en Barranquilla, al parecer, porque los empresarios se negaron a pagar extorsiones a \u2018los Coste\u00f1os\u2019.<\/p>\n\n\n\n<p><strong>\u00bfPor qu\u00e9 qued\u00f3 libre?<\/strong><\/p>\n\n\n\n<p>&nbsp;En la audiencia de solicitud de libertad por vencimiento de t\u00e9rminos, la abogada defensora de \u2018T\u00edo Guillo\u2019 expuso como argumento el art\u00edculo 317 del C\u00f3digo Penal Colombiano, que en su numeral quinto se\u00f1ala que la libertad del imputado o acusado se cumplir\u00e1 de inmediato: \u201cCuando transcurridos 120 d\u00edas contados a partir de la fecha de presentaci\u00f3n del escrito de acusaci\u00f3n, no se haya dado inicio a la audiencia de juicio oral\u201d.<\/p>\n\n\n\n<p>Sin embargo, por tratarse de delitos sometidos a la justicia penal especializada, ser tres o m\u00e1s los imputados o procesados; se trate de delitos de corrupci\u00f3n o de delitos que atenten contra la libertad y formaci\u00f3n sexual, los t\u00e9rminos de los numerales cuarto, quinto y sexto se duplicar\u00e1n, es decir, 240 d\u00edas, que es el caso de Borr\u00e9, de acuerdo con el par\u00e1grafo primero del mencionado art\u00edculo.<\/p>\n\n\n\n<p>De acuerdo con la defensora, luego de presentar el escrito de acusaci\u00f3n contra Borr\u00e9, el 11 de abril de 2018, transcurrieron 581 d\u00edas, tiempo que supera \u201campliamente\u201d los que trata la norma procesal.<\/p>\n\n\n\n<p>Con ello, el juez se\u00f1al\u00f3 que luego de la presentaci\u00f3n del escrito de acusaci\u00f3n por parte de la Fiscal\u00eda le correspondi\u00f3 por reparto al Juzgado \u00danico Especializado de Barranquilla, que fij\u00f3 fecha de audiencia para el 5 de septiembre de ese a\u00f1o. Esta no se dio debido a que la defensora p\u00fablica present\u00f3 un escrito al despacho en el que informaba que su cargo lo desempe\u00f1aba en Cali y no en Barranquilla, por lo que el juez fij\u00f3 nueva fecha para el 24 de enero de 2019.<\/p>\n\n\n\n<p>Sin embargo, la diligencia judicial tampoco se pudo llevar a cabo en esa fecha porque en esa ocasi\u00f3n la Defensor\u00eda P\u00fablica no asign\u00f3 defensor, por lo que se aplaz\u00f3 para el 26 de junio.&nbsp;<\/p>\n\n\n\n<p>Nuevamente la diligencia judicial fracas\u00f3 porque ese d\u00eda no hubo contacto virtual con la c\u00e1rcel de Jamund\u00ed, Valle, donde Borr\u00e9 se encontraba recluido. Se reprogram\u00f3 entonces para el 20 de noviembre de este a\u00f1o.<\/p>\n\n\n\n<p>As\u00ed, cuando el juez hizo el conteo general del 11 de abril de 2018 al 13 de noviembre pasado, concluy\u00f3 que transcurrieron 581 d\u00edas, de los cuales descont\u00f3 141, comprendidos desde el 5 de septiembre de 2018 hasta el 24 de enero de 2019. Luego descont\u00f3 otros 153 d\u00edas, comprendidos desde el 24 de enero de 2019 al 26 de junio del mismo a\u00f1o, quedando 287 d\u00edas, los cuales superaron los 240 d\u00edas que estipula el C\u00f3digo Penal.<\/p>\n","protected":false},"excerpt":{"rendered":"<p>El exparamilitar alias T\u00edo Guillo estaba recluido en la c\u00e1rcel La Picota de Bogot\u00e1. El 24 de julio de 2011, Brayan Eduardo Borr\u00e9 Barreto, alias T\u00edo Guillo, exl\u00edder de la banda criminal \u2018Los Rastrojos-Coste\u00f1os\u2019, fue capturado por la Polic\u00eda de Bol\u00edvar, cuando se desplazaba por Turbaco en una camioneta. El reconocido delincuente hab\u00eda decidido marcharse&#8230;<\/p>\n","protected":false},"author":1,"featured_media":70278,"comment_status":"open","ping_status":"open","sticky":false,"template":"","format":"standard","meta":[],"categories":[1],"tags":[],"jetpack_sharing_enabled":true,"jetpack_featured_media_url":"https:\/\/malamboradio.com\/web\/wp-content\/uploads\/2019\/12\/brayan_borre_barreto.jpeg","_links":{"self":[{"href":"https:\/\/malamboradio.com\/web\/wp-json\/wp\/v2\/posts\/70276"}],"collection":[{"href":"https:\/\/malamboradio.com\/web\/wp-json\/wp\/v2\/posts"}],"about":[{"href":"https:\/\/malamboradio.com\/web\/wp-json\/wp\/v2\/types\/post"}],"author":[{"embeddable":true,"href":"https:\/\/malamboradio.com\/web\/wp-json\/wp\/v2\/users\/1"}],"replies":[{"embeddable":true,"href":"https:\/\/malamboradio.com\/web\/wp-json\/wp\/v2\/comments?post=70276"}],"version-history":[{"count":2,"href":"https:\/\/malamboradio.com\/web\/wp-json\/wp\/v2\/posts\/70276\/revisions"}],"predecessor-version":[{"id":70281,"href":"https:\/\/malamboradio.com\/web\/wp-json\/wp\/v2\/posts\/70276\/revisions\/70281"}],"wp:featuredmedia":[{"embeddable":true,"href":"https:\/\/malamboradio.com\/web\/wp-json\/wp\/v2\/media\/70278"}],"wp:attachment":[{"href":"https:\/\/malamboradio.com\/web\/wp-json\/wp\/v2\/media?parent=70276"}],"wp:term":[{"taxonomy":"category","embeddable":true,"href":"https:\/\/malamboradio.com\/web\/wp-json\/wp\/v2\/categories?post=70276"},{"taxonomy":"post_tag","embeddable":true,"href":"https:\/\/malamboradio.com\/web\/wp-json\/wp\/v2\/tags?post=70276"}],"curies":[{"name":"wp","href":"https:\/\/api.w.org\/{rel}","templated":true}]}}