{"id":70227,"date":"2019-12-07T14:39:32","date_gmt":"2019-12-07T14:39:32","guid":{"rendered":"http:\/\/malamboradio.com\/web\/?p=70227"},"modified":"2019-12-07T14:39:34","modified_gmt":"2019-12-07T14:39:34","slug":"adolescente-fue-asesinado-de-un-balazo-en-soledad-comunidad-ataco-a-machete-y-bala-a-los-sicarios","status":"publish","type":"post","link":"https:\/\/malamboradio.com\/web\/2019\/12\/07\/adolescente-fue-asesinado-de-un-balazo-en-soledad-comunidad-ataco-a-machete-y-bala-a-los-sicarios\/","title":{"rendered":"Adolescente fue asesinado de un balazo en Soledad: comunidad atac\u00f3 a machete y bala a los sicarios"},"content":{"rendered":"\n<p>En el barrio Villa Mar\u00eda.<\/p>\n\n\n\n<p>Un adolescente, de 16 a\u00f1os, fue asesinado de un balazo en el cuello en la noche del viernes en la calle 58A con carrera 1B, barrio Villa Mar\u00eda del municipio de Soledad.<\/p>\n\n\n\n<p>La v\u00edctima respond\u00eda al nombre de<strong>&nbsp;Nairo Andr\u00e9s Narv\u00e1ez Rada<\/strong>, quien fue auxiliado por familiares y llevado a la Cl\u00ednica Adela de Char de Soledad, pero all\u00ed se confirm\u00f3 que hab\u00eda llegado sin signos vitales.<\/p>\n\n\n\n<p>El reporte de la Polic\u00eda indica que el adolescente se hallaba en la terraza de su casa cuando llegaron dos sujetos en una moto de color blanca y dispararon sin mediar palabra contra \u00e9l.<\/p>\n\n\n\n<p>Los sicarios, antes que lograran emprender la hu\u00edda, fueron agredidos a machete y a bala por la comunidad.<\/p>\n\n\n\n<p>La Polic\u00eda se encuentra al frente de las investigaciones para dar con el paradero de los asesinos.<\/p>\n\n\n\n<p>El cuerpo fue llevado por las autoridades a Medicina Legal.<\/p>\n","protected":false},"excerpt":{"rendered":"<p>En el barrio Villa Mar\u00eda. Un adolescente, de 16 a\u00f1os, fue asesinado de un balazo en el cuello en la noche del viernes en la calle 58A con carrera 1B, barrio Villa Mar\u00eda del municipio de Soledad. La v\u00edctima respond\u00eda al nombre de&nbsp;Nairo Andr\u00e9s Narv\u00e1ez Rada, quien fue auxiliado por familiares y llevado a la&#8230;<\/p>\n","protected":false},"author":1,"featured_media":70228,"comment_status":"open","ping_status":"open","sticky":false,"template":"","format":"standard","meta":[],"categories":[1],"tags":[],"jetpack_sharing_enabled":true,"jetpack_featured_media_url":"https:\/\/malamboradio.com\/web\/wp-content\/uploads\/2019\/12\/adolescente_en_soledad_.jpeg","_links":{"self":[{"href":"https:\/\/malamboradio.com\/web\/wp-json\/wp\/v2\/posts\/70227"}],"collection":[{"href":"https:\/\/malamboradio.com\/web\/wp-json\/wp\/v2\/posts"}],"about":[{"href":"https:\/\/malamboradio.com\/web\/wp-json\/wp\/v2\/types\/post"}],"author":[{"embeddable":true,"href":"https:\/\/malamboradio.com\/web\/wp-json\/wp\/v2\/users\/1"}],"replies":[{"embeddable":true,"href":"https:\/\/malamboradio.com\/web\/wp-json\/wp\/v2\/comments?post=70227"}],"version-history":[{"count":1,"href":"https:\/\/malamboradio.com\/web\/wp-json\/wp\/v2\/posts\/70227\/revisions"}],"predecessor-version":[{"id":70229,"href":"https:\/\/malamboradio.com\/web\/wp-json\/wp\/v2\/posts\/70227\/revisions\/70229"}],"wp:featuredmedia":[{"embeddable":true,"href":"https:\/\/malamboradio.com\/web\/wp-json\/wp\/v2\/media\/70228"}],"wp:attachment":[{"href":"https:\/\/malamboradio.com\/web\/wp-json\/wp\/v2\/media?parent=70227"}],"wp:term":[{"taxonomy":"category","embeddable":true,"href":"https:\/\/malamboradio.com\/web\/wp-json\/wp\/v2\/categories?post=70227"},{"taxonomy":"post_tag","embeddable":true,"href":"https:\/\/malamboradio.com\/web\/wp-json\/wp\/v2\/tags?post=70227"}],"curies":[{"name":"wp","href":"https:\/\/api.w.org\/{rel}","templated":true}]}}