{"id":69967,"date":"2019-12-06T12:01:06","date_gmt":"2019-12-06T12:01:06","guid":{"rendered":"http:\/\/malamboradio.com\/web\/?p=69967"},"modified":"2019-12-06T12:01:08","modified_gmt":"2019-12-06T12:01:08","slug":"atlanticoliderenobras-verano-inaugurara-casa-museo-en-soledad-dos-colegios-10-en-juan-de-acosta-y-un-centro-interactivo-en-barranquilla","status":"publish","type":"post","link":"https:\/\/malamboradio.com\/web\/2019\/12\/06\/atlanticoliderenobras-verano-inaugurara-casa-museo-en-soledad-dos-colegios-10-en-juan-de-acosta-y-un-centro-interactivo-en-barranquilla\/","title":{"rendered":"#Atl\u00e1nticoL\u00edderEnObras: Verano inaugurar\u00e1 Casa Museo en Soledad, dos \u2018Colegios 10\u2019 en Juan de Acosta y un Centro Interactivo en Barranquilla"},"content":{"rendered":"\n<p>La entrega de obras que est\u00e1n transformando la calidad de vida de los atlanticenses contin\u00faa este viernes 6 de noviembre en los municipios de Soledad, Juan de Acosta y Barranquilla, donde el gobernador Eduardo Verano inaugurar\u00e1 la Casa Museo Sim\u00f3n Bol\u00edvar, la Instituci\u00f3n educativa t\u00e9cnica Juan V. Padilla, el centro educativo del corregimiento de Santa Ver\u00f3nica, y el Centro Interactivo de Memoria Urbana (Cimu) en la capital del Atl\u00e1ntico.<\/p>\n\n\n\n<p>La jornada de entrega inicia con la puesta en servicio de la Casa Museo Sim\u00f3n Bol\u00edvar del municipio de Soledad, que se encuentra ubicada a pocos metros de la Iglesia San Antonio de Padua. Es una casa de estilo republicano de 900 metros cuadrados (m2), declarada Bien de Inter\u00e9s Cultural de la Naci\u00f3n por su importancia en la memoria hist\u00f3rica del pa\u00eds, y en cuya adecuaci\u00f3n la Gobernaci\u00f3n del Atl\u00e1ntico invirti\u00f3 $1.580 millones y la Alcald\u00eda de Soledad $400 millones.<\/p>\n\n\n\n<p>Este espacio cuenta con dos salas de exhibici\u00f3n permanentes y una sala de exposiciones temporales, ambas con mobiliario de la \u00e9poca y equipos interactivos de \u00faltima tecnolog\u00eda.<\/p>\n\n\n\n<p>Sus visitantes tambi\u00e9n disfrutar\u00e1n de un auditorio dotado con tecnolog\u00eda de punta en audio y video, con capacidad para 100 personas y un Centro de Documentaci\u00f3n sobre el libertador Sim\u00f3n Bol\u00edvar.<\/p>\n\n\n\n<p><strong>CIMU PARA BARRANQUILLA<\/strong><\/p>\n\n\n\n<p>Luego el mandatario participar\u00e1 de la apertura del Centro Interactivo de Memoria Urbana\u2013Cimu-, una sala \u2013 museo interactiva que recorre el pasado, presente y proyecta el futuro de la capital del Atl\u00e1ntico.<\/p>\n\n\n\n<p>El nuevo espacio est\u00e1 ubicado en la Antigua Aduana y busca fomentar la ceraci\u00f3n de memoria, la promoci\u00f3n del di\u00e1logo, la reflexi\u00f3n y la construcci\u00f3n ciudadana a trav\u00e9s del conocimiento y la valoraci\u00f3n del patrimonio hist\u00f3rico de Barranquilla y el departamento del Atl\u00e1ntico. Un proyecto de la Corporaci\u00f3n Luis Eduardo Nieto Arteta para el Archivo Hist\u00f3rico del Atl\u00e1ntico.<\/p>\n\n\n\n<p>Cuenta con siete salas de exposici\u00f3n que promueven la participaci\u00f3n interactiva del p\u00fablico. Las personas pueden desde rellenar con colores una pintura digitalizada de Alejandro Obreg\u00f3n, grabar sonidos y hacer m\u00fasica, hasta llevarse una semilla y sembrarla en su hogar.<\/p>\n\n\n\n<p>&#8220;A lo que apuntamos es a implementar una nueva propuesta museogr\u00e1fica en el departamento, con el prop\u00f3sito de fortalecer los v\u00ednculos con la comunidad y contribuir a una efectiva apropiaci\u00f3n social del patrimonio a trav\u00e9s de este bien de inter\u00e9s cultural&#8221;, coment\u00f3 el gobernador. <\/p>\n\n\n\n<p><strong>JUAN DE ACOSTA ESTRENA COLEGIO<\/strong><\/p>\n\n\n\n<p>La ampliaci\u00f3n y modernizaci\u00f3n de la instituci\u00f3n educativa t\u00e9cnica Juan V. Padilla, de Juan de Acosta, es un hecho. El gobernador entregar\u00e1 en horas de la tarde del viernes este colegio para 2.240 estudiantes del municipio, quienes disfrutar\u00e1n en 4.572 m2 de 20 aulas nuevas, una biblioteca, aula de biling\u00fcismo, laboratorio integrado, aula de tecnolog\u00eda, \u00e1rea deportiva, comedor y cocina, entre otras comodidades que mejorar\u00e1n su calidad educativa.<\/p>\n\n\n\n<p>En la construcci\u00f3n de este &#8216;Colegio 10&#8217; la administraci\u00f3n departamental invirti\u00f3 $4.019 millones y el Ministerio de Educaci\u00f3n $6.148, para un total de $10.168 millones.<\/p>\n\n\n\n<p>Cuenta con el comedor m\u00e1s grande de todo el departamento, 900 metros cuadrados bajo techo construidos con materiales especiales que crean un microclima en su interior, que tambi\u00e9n servir\u00e1 de sal\u00f3n de eventos.<\/p>\n\n\n\n<p><strong>COLEGIO CON VISTA AL MAR<\/strong><\/p>\n\n\n\n<p>Posteriormente el mandatario de los atlanticenses inaugurar\u00e1 el centro educativo de Santa Ver\u00f3nica, corregimiento de Juan de Acosta, cuya infraestructura f\u00edsica de 1.781 metros cuadrados fue totalmente modernizada con una inversi\u00f3n de $5.347 millones, de los cuales, el Ministerio de Educaci\u00f3n coloc\u00f3 $2.476 millones y la Gobernaci\u00f3n del Atl\u00e1ntico $2.870 millones.<\/p>\n\n\n\n<p>Esta obra tiene vista al mar y brindar\u00e1 bienestar a 480 estudiantes, docentes y personal administrativo, con locaciones que cumplen con todas las normas de seguridad que exige el Ministerio de Educaci\u00f3n Nacional.<\/p>\n\n\n\n<p>Cuenta con 12 aulas nuevas, laboratorios integrados, aulas de tecnolog\u00eda, m\u00faltiple, biling\u00fcismo, polivalente, comedor, cocina, un elevador para personas con movilidad reducida, zona administrativa, bater\u00edas sanitarias, zonas verdes y recreativas.<\/p>\n\n\n\n<p>&#8220;Nos propusimos hacer un Atl\u00e1ntico L\u00edder en educaci\u00f3n, por eso la transformaci\u00f3n de los colegios con todas las exigencias del Ministerio son hoy una realidad. Tanto en las cabeceras municipales como en los corregimientos estamos entregando infraestructuras como estas, que hasta cuentan con elevador para personas que tienen alg\u00fan tipo de discapacidad, ya que porque el prop\u00f3sito es que hayan procesos de inclusi\u00f3n. Si avanzamos en educaci\u00f3n, avanzamos en todos los renglones&#8221;, resalt\u00f3 Verano de la Rosa.<\/p>\n\n\n\n<p>La Casa Museo Sim\u00f3n Bol\u00edvar y los dos nuevos &#8216;Colegios 10&#8217; en Juan de Acosta y Santa Ver\u00f3nica hacen parte de las 455 obras que realiza el gobernador Eduardo Verano, como parte de la materializaci\u00f3n del plan de desarrollo &#8216;Atl\u00e1ntico L\u00edder&#8217; 2016-2019.<\/p>\n\n\n\n<ul class=\"wp-block-gallery columns-2 is-cropped wp-block-gallery-1 is-layout-flex\"><li class=\"blocks-gallery-item\"><figure><img decoding=\"async\" loading=\"lazy\" width=\"1024\" height=\"682\" src=\"http:\/\/malamboradio.com\/web\/wp-content\/uploads\/2019\/12\/WhatsApp-Image-2019-12-05-at-23.46.45-1024x682.jpeg\" alt=\"\" data-id=\"69968\" data-link=\"http:\/\/malamboradio.com\/web\/?attachment_id=69968\" class=\"wp-image-69968\" srcset=\"https:\/\/malamboradio.com\/web\/wp-content\/uploads\/2019\/12\/WhatsApp-Image-2019-12-05-at-23.46.45-1024x682.jpeg 1024w, https:\/\/malamboradio.com\/web\/wp-content\/uploads\/2019\/12\/WhatsApp-Image-2019-12-05-at-23.46.45-300x200.jpeg 300w, https:\/\/malamboradio.com\/web\/wp-content\/uploads\/2019\/12\/WhatsApp-Image-2019-12-05-at-23.46.45-768x512.jpeg 768w, https:\/\/malamboradio.com\/web\/wp-content\/uploads\/2019\/12\/WhatsApp-Image-2019-12-05-at-23.46.45-580x387.jpeg 580w, https:\/\/malamboradio.com\/web\/wp-content\/uploads\/2019\/12\/WhatsApp-Image-2019-12-05-at-23.46.45-860x573.jpeg 860w, https:\/\/malamboradio.com\/web\/wp-content\/uploads\/2019\/12\/WhatsApp-Image-2019-12-05-at-23.46.45-1160x773.jpeg 1160w, https:\/\/malamboradio.com\/web\/wp-content\/uploads\/2019\/12\/WhatsApp-Image-2019-12-05-at-23.46.45.jpeg 1280w\" sizes=\"(max-width: 1024px) 100vw, 1024px\" \/><\/figure><\/li><li class=\"blocks-gallery-item\"><figure><img decoding=\"async\" loading=\"lazy\" width=\"1024\" height=\"682\" src=\"http:\/\/malamboradio.com\/web\/wp-content\/uploads\/2019\/12\/WhatsApp-Image-2019-12-05-at-23.46.45-1-1024x682.jpeg\" alt=\"\" data-id=\"69969\" data-link=\"http:\/\/malamboradio.com\/web\/?attachment_id=69969\" class=\"wp-image-69969\" srcset=\"https:\/\/malamboradio.com\/web\/wp-content\/uploads\/2019\/12\/WhatsApp-Image-2019-12-05-at-23.46.45-1-1024x682.jpeg 1024w, https:\/\/malamboradio.com\/web\/wp-content\/uploads\/2019\/12\/WhatsApp-Image-2019-12-05-at-23.46.45-1-300x200.jpeg 300w, https:\/\/malamboradio.com\/web\/wp-content\/uploads\/2019\/12\/WhatsApp-Image-2019-12-05-at-23.46.45-1-768x512.jpeg 768w, https:\/\/malamboradio.com\/web\/wp-content\/uploads\/2019\/12\/WhatsApp-Image-2019-12-05-at-23.46.45-1-580x387.jpeg 580w, https:\/\/malamboradio.com\/web\/wp-content\/uploads\/2019\/12\/WhatsApp-Image-2019-12-05-at-23.46.45-1-860x573.jpeg 860w, https:\/\/malamboradio.com\/web\/wp-content\/uploads\/2019\/12\/WhatsApp-Image-2019-12-05-at-23.46.45-1-1160x773.jpeg 1160w, https:\/\/malamboradio.com\/web\/wp-content\/uploads\/2019\/12\/WhatsApp-Image-2019-12-05-at-23.46.45-1.jpeg 1280w\" sizes=\"(max-width: 1024px) 100vw, 1024px\" \/><\/figure><\/li><\/ul>\n\n\n\n<p><strong>ASESOR\u00cdA DE COMUNICACIONES<\/strong><br><strong>GOBERNACI\u00d3N DEL ATL\u00c1NTICO<\/strong><\/p>\n","protected":false},"excerpt":{"rendered":"<p>La entrega de obras que est\u00e1n transformando la calidad de vida de los atlanticenses contin\u00faa este viernes 6 de noviembre en los municipios de Soledad, Juan de Acosta y Barranquilla, donde el gobernador Eduardo Verano inaugurar\u00e1 la Casa Museo Sim\u00f3n Bol\u00edvar, la Instituci\u00f3n educativa t\u00e9cnica Juan V. Padilla, el centro educativo del corregimiento de Santa&#8230;<\/p>\n","protected":false},"author":1,"featured_media":69969,"comment_status":"open","ping_status":"open","sticky":false,"template":"","format":"standard","meta":[],"categories":[1],"tags":[],"jetpack_sharing_enabled":true,"jetpack_featured_media_url":"https:\/\/malamboradio.com\/web\/wp-content\/uploads\/2019\/12\/WhatsApp-Image-2019-12-05-at-23.46.45-1.jpeg","_links":{"self":[{"href":"https:\/\/malamboradio.com\/web\/wp-json\/wp\/v2\/posts\/69967"}],"collection":[{"href":"https:\/\/malamboradio.com\/web\/wp-json\/wp\/v2\/posts"}],"about":[{"href":"https:\/\/malamboradio.com\/web\/wp-json\/wp\/v2\/types\/post"}],"author":[{"embeddable":true,"href":"https:\/\/malamboradio.com\/web\/wp-json\/wp\/v2\/users\/1"}],"replies":[{"embeddable":true,"href":"https:\/\/malamboradio.com\/web\/wp-json\/wp\/v2\/comments?post=69967"}],"version-history":[{"count":1,"href":"https:\/\/malamboradio.com\/web\/wp-json\/wp\/v2\/posts\/69967\/revisions"}],"predecessor-version":[{"id":69970,"href":"https:\/\/malamboradio.com\/web\/wp-json\/wp\/v2\/posts\/69967\/revisions\/69970"}],"wp:featuredmedia":[{"embeddable":true,"href":"https:\/\/malamboradio.com\/web\/wp-json\/wp\/v2\/media\/69969"}],"wp:attachment":[{"href":"https:\/\/malamboradio.com\/web\/wp-json\/wp\/v2\/media?parent=69967"}],"wp:term":[{"taxonomy":"category","embeddable":true,"href":"https:\/\/malamboradio.com\/web\/wp-json\/wp\/v2\/categories?post=69967"},{"taxonomy":"post_tag","embeddable":true,"href":"https:\/\/malamboradio.com\/web\/wp-json\/wp\/v2\/tags?post=69967"}],"curies":[{"name":"wp","href":"https:\/\/api.w.org\/{rel}","templated":true}]}}