{"id":68540,"date":"2019-12-05T19:34:18","date_gmt":"2019-12-05T19:34:18","guid":{"rendered":"http:\/\/malamboradio.com\/web\/?p=68540"},"modified":"2019-12-05T19:34:20","modified_gmt":"2019-12-05T19:34:20","slug":"capturado-edil-del-suroccidente-de-barranquilla-senalado-de-expender-droga-y-trafico-de-arma","status":"publish","type":"post","link":"https:\/\/malamboradio.com\/web\/2019\/12\/05\/capturado-edil-del-suroccidente-de-barranquilla-senalado-de-expender-droga-y-trafico-de-arma\/","title":{"rendered":"Capturado Edil del Suroccidente de Barranquilla, se\u00f1alado de expender droga y tr\u00e1fico de arma"},"content":{"rendered":"\n<p>El hecho ocurri\u00f3 en la madrugada de este mi\u00e9rcoles, cuando al parecer con una orden de captura le realizaron un allanamiento a Luis Rodr\u00edguez, Edil del suroccidente de la ciudad.<\/p>\n\n\n\n<p>Fuente cercanas al hombre se\u00f1alan que el Edil, tiene un arma vieja en su poder hace m\u00e1s de 12 a\u00f1os porque era de su abuelo.<\/p>\n\n\n\n<p>Rodr\u00edguez, fue llevado primero a las instalaciones de Medicina Legal por los m\u00faltiples golpes que presenta.<\/p>\n\n\n\n<p>Noticia en desarrollo\u2026&nbsp;&nbsp;<\/p>\n","protected":false},"excerpt":{"rendered":"<p>El hecho ocurri\u00f3 en la madrugada de este mi\u00e9rcoles, cuando al parecer con una orden de captura le realizaron un allanamiento a Luis Rodr\u00edguez, Edil del suroccidente de la ciudad. Fuente cercanas al hombre se\u00f1alan que el Edil, tiene un arma vieja en su poder hace m\u00e1s de 12 a\u00f1os porque era de su abuelo&#8230;.<\/p>\n","protected":false},"author":1,"featured_media":68541,"comment_status":"open","ping_status":"open","sticky":false,"template":"","format":"standard","meta":[],"categories":[1],"tags":[],"jetpack_sharing_enabled":true,"jetpack_featured_media_url":"https:\/\/malamboradio.com\/web\/wp-content\/uploads\/2019\/12\/IMG-20191205-WA0018.jpg","_links":{"self":[{"href":"https:\/\/malamboradio.com\/web\/wp-json\/wp\/v2\/posts\/68540"}],"collection":[{"href":"https:\/\/malamboradio.com\/web\/wp-json\/wp\/v2\/posts"}],"about":[{"href":"https:\/\/malamboradio.com\/web\/wp-json\/wp\/v2\/types\/post"}],"author":[{"embeddable":true,"href":"https:\/\/malamboradio.com\/web\/wp-json\/wp\/v2\/users\/1"}],"replies":[{"embeddable":true,"href":"https:\/\/malamboradio.com\/web\/wp-json\/wp\/v2\/comments?post=68540"}],"version-history":[{"count":1,"href":"https:\/\/malamboradio.com\/web\/wp-json\/wp\/v2\/posts\/68540\/revisions"}],"predecessor-version":[{"id":68542,"href":"https:\/\/malamboradio.com\/web\/wp-json\/wp\/v2\/posts\/68540\/revisions\/68542"}],"wp:featuredmedia":[{"embeddable":true,"href":"https:\/\/malamboradio.com\/web\/wp-json\/wp\/v2\/media\/68541"}],"wp:attachment":[{"href":"https:\/\/malamboradio.com\/web\/wp-json\/wp\/v2\/media?parent=68540"}],"wp:term":[{"taxonomy":"category","embeddable":true,"href":"https:\/\/malamboradio.com\/web\/wp-json\/wp\/v2\/categories?post=68540"},{"taxonomy":"post_tag","embeddable":true,"href":"https:\/\/malamboradio.com\/web\/wp-json\/wp\/v2\/tags?post=68540"}],"curies":[{"name":"wp","href":"https:\/\/api.w.org\/{rel}","templated":true}]}}