{"id":68132,"date":"2019-12-01T22:16:45","date_gmt":"2019-12-01T22:16:45","guid":{"rendered":"http:\/\/malamboradio.com\/web\/?p=68132"},"modified":"2019-12-01T22:16:46","modified_gmt":"2019-12-01T22:16:46","slug":"con-homenaje-al-maestro-pedro-ramaya-soledad-inicio-campana-para-impulsar-la-flauta-de-millo","status":"publish","type":"post","link":"https:\/\/malamboradio.com\/web\/2019\/12\/01\/con-homenaje-al-maestro-pedro-ramaya-soledad-inicio-campana-para-impulsar-la-flauta-de-millo\/","title":{"rendered":"Con homenaje al maestro Pedro \u201cRamay\u00e1\u201d, Soledad inici\u00f3 campa\u00f1a para impulsar la flauta de millo"},"content":{"rendered":"\n<p>El evento reuni\u00f3 a reconocidos ca\u00f1amilleros de la Regi\u00f3n Caribe.<\/p>\n\n\n\n<p>El inconfundible sonido de la flauta de millo fue el principal protagonista en la Primera Cumbre de Ca\u00f1amilleros, realizada en las instalaciones de la Casa Museo Sim\u00f3n Bol\u00edvar de Soledad.<\/p>\n\n\n\n<p>La jornada acad\u00e9mica apoyada por la Alcald\u00eda de Soledad y su Secretar\u00eda de Cultura fue organizada por la Fundaci\u00f3n Folclor Est\u00e9reo y la Fundaci\u00f3n Festival Anfibio y tuvo como invitado especial al ca\u00f1amillero m\u00e1s emblem\u00e1tico del Caribe, el maestro Pedro Ramay\u00e1 Beltr\u00e1n.<\/p>\n\n\n\n<p><em>\u201cMe siento muy contento que me hayan tenido en cuenta, por eso agradezco a la alcald\u00eda por invitarme y ojal\u00e1 me sigan invitando todos los d\u00edas para venir todos los d\u00edas\u201d<\/em>, expres\u00f3 el maestro.<\/p>\n\n\n\n<p>Los ca\u00f1amilleros del departamento del Atl\u00e1ntico y de la costa norte colombiana, que asistieron al acto, escucharon atentamente a Ramay\u00e1, quien les comparti\u00f3 experiencias y dio consejos.<\/p>\n\n\n\n<p><em>\u201cSer millero no es f\u00e1cil, ser millero es tenerlo en la mente y poderlo definir. Este millero es una persona que se cri\u00f3 pajareando, pajareando en mi tierra es espantar los p\u00e1jaros para que no se coman el ma\u00edz. De ah\u00ed naci\u00f3 mi m\u00fasica, porque siempre cantaba e inventaba cosas y hoy soy un compositor de la cumbia y estoy contento realmente y seguir\u00e9 contento\u201d<\/em>, asegur\u00f3 en medio de risas.<\/p>\n\n\n\n<p>La programaci\u00f3n de la cumbre cont\u00f3 con la presencia del alcalde Joao Herrera, la primera gestora, Alba Olaya y la secretaria de Cultura, Katyna Pugliese, quien dej\u00f3 claro que este es el inicio de un trabajo para salvaguardar este elemento musical.<\/p>\n\n\n\n<p><em>\u201cResult\u00f3 ser un encuentro enriquecedor alrededor de la cumbia y en que concluyeron muchas razones para luchar y preservar nuestro patrimonio musical y por supuesto por su instrumento insignia como lo es la flauta de millo\u201d<\/em>, dijo la funcionaria.<\/p>\n\n\n\n<p>Expositores conocedores del magistral arte que proviene de la ca\u00f1a de millo y que es el responsable de poner a bailar al son de la cumbia a todos los colombianos, presentaron sus ponencias con el fin de trabajar por la preservaci\u00f3n de la misma.<\/p>\n\n\n\n<p>El Presidente de la Cumbre, Jorge Jimeno, se mostr\u00f3 satisfecho por el resultado obtenido.&nbsp;<em>\u201cContamos con personal capacitado, maestros en m\u00fasica y en educaci\u00f3n, que nos permitieron crear una ruta para que los asistentes pudieran entender la magnitud de un evento acad\u00e9mico como este, que seguramente se va a seguir realizando en los a\u00f1os venideros\u201d,<\/em>&nbsp;expres\u00f3 el organizador.<\/p>\n\n\n\n<p>Con una rueda de cumbia culmin\u00f3 el evento en horas de la noche, en que solede\u00f1os y visitantes se acercaron a observar a los bailarines.&nbsp;&nbsp;<\/p>\n","protected":false},"excerpt":{"rendered":"<p>El evento reuni\u00f3 a reconocidos ca\u00f1amilleros de la Regi\u00f3n Caribe. El inconfundible sonido de la flauta de millo fue el principal protagonista en la Primera Cumbre de Ca\u00f1amilleros, realizada en las instalaciones de la Casa Museo Sim\u00f3n Bol\u00edvar de Soledad. La jornada acad\u00e9mica apoyada por la Alcald\u00eda de Soledad y su Secretar\u00eda de Cultura fue&#8230;<\/p>\n","protected":false},"author":1,"featured_media":68133,"comment_status":"open","ping_status":"open","sticky":false,"template":"","format":"standard","meta":[],"categories":[1],"tags":[],"jetpack_sharing_enabled":true,"jetpack_featured_media_url":"https:\/\/malamboradio.com\/web\/wp-content\/uploads\/2019\/12\/pedro_ramaya.jpg","_links":{"self":[{"href":"https:\/\/malamboradio.com\/web\/wp-json\/wp\/v2\/posts\/68132"}],"collection":[{"href":"https:\/\/malamboradio.com\/web\/wp-json\/wp\/v2\/posts"}],"about":[{"href":"https:\/\/malamboradio.com\/web\/wp-json\/wp\/v2\/types\/post"}],"author":[{"embeddable":true,"href":"https:\/\/malamboradio.com\/web\/wp-json\/wp\/v2\/users\/1"}],"replies":[{"embeddable":true,"href":"https:\/\/malamboradio.com\/web\/wp-json\/wp\/v2\/comments?post=68132"}],"version-history":[{"count":1,"href":"https:\/\/malamboradio.com\/web\/wp-json\/wp\/v2\/posts\/68132\/revisions"}],"predecessor-version":[{"id":68134,"href":"https:\/\/malamboradio.com\/web\/wp-json\/wp\/v2\/posts\/68132\/revisions\/68134"}],"wp:featuredmedia":[{"embeddable":true,"href":"https:\/\/malamboradio.com\/web\/wp-json\/wp\/v2\/media\/68133"}],"wp:attachment":[{"href":"https:\/\/malamboradio.com\/web\/wp-json\/wp\/v2\/media?parent=68132"}],"wp:term":[{"taxonomy":"category","embeddable":true,"href":"https:\/\/malamboradio.com\/web\/wp-json\/wp\/v2\/categories?post=68132"},{"taxonomy":"post_tag","embeddable":true,"href":"https:\/\/malamboradio.com\/web\/wp-json\/wp\/v2\/tags?post=68132"}],"curies":[{"name":"wp","href":"https:\/\/api.w.org\/{rel}","templated":true}]}}