{"id":67705,"date":"2019-11-30T13:47:42","date_gmt":"2019-11-30T13:47:42","guid":{"rendered":"http:\/\/malamboradio.com\/web\/?p=67705"},"modified":"2019-11-30T13:47:44","modified_gmt":"2019-11-30T13:47:44","slug":"jorge-onate-es-llamado-a-ampliar-interrogatorio-en-caso-de-homicidio","status":"publish","type":"post","link":"https:\/\/malamboradio.com\/web\/2019\/11\/30\/jorge-onate-es-llamado-a-ampliar-interrogatorio-en-caso-de-homicidio\/","title":{"rendered":"Jorge O\u00f1ate es llamado a ampliar interrogatorio en caso de homicidio"},"content":{"rendered":"\n<p>Fiscal\u00eda confirm\u00f3 que lo cit\u00f3 el 6 de diciembre, dentro del proceso por el crimen de Efra\u00edn Ovalle. <\/p>\n\n\n\n<p>Desde hace dos a\u00f1os, la investigaci\u00f3n por el crimen del asesinato del dirigente pol\u00edtico Efra\u00edn Ovalle O\u00f1ate, ocurrido el 25 de febrero de 2012, estaba quieto.<\/p>\n\n\n\n<p>Lo \u00faltimo que se supo es que\u00a0<strong>el expediente se traslad\u00f3 a Bogot\u00e1, a la Unidad contra las Organizaciones Criminales.\u00a0\u00a0<\/strong><\/p>\n\n\n\n<p>Pero, altas fuentes de la Fiscal\u00eda le confirmaron que acaban de ordenar varias pruebas y diligencia dentro del caso,\u00a0<strong>incluida la citaci\u00f3n al cantante vallenato Jorge O\u00f1ate<\/strong>\u00a0para que ampl\u00ede un interrogatorio que ya hab\u00eda rendido hace unos a\u00f1os.<\/p>\n\n\n\n<p>O\u00f1ate se debe presentar con su abogado el pr\u00f3ximo 6 de diciembre, a las 2:30 de la tarde.  <\/p>\n\n\n\n<p>\u00bfC\u00f3mo encaja dentro del proceso el reconocido cantante?<\/p>\n\n\n\n<p><strong>Fue mencionado dentro del caso por Jhon Carlos Landeros Linares, jefe de los Urabe\u00f1os en La Paz, Cesar.<\/strong><\/p>\n\n\n\n<p>Antes de ser asesinado en prisi\u00f3n, el delincuente dijo que a \u00e9l lo hab\u00edan contactado para asesinar a Ovalle y en ese contexto surgi\u00f3 el nombre de O\u00f1ate.&nbsp;<\/p>\n\n\n\n<p>La hip\u00f3tesis que trabaja la Fiscal\u00eda es que la muerte del exconcejal de La Paz y exdiputado la desencadenaron peleas por el poder local.<\/p>\n\n\n\n<p><strong>En 2011, la esposa del cantante, Nancy Zuleta, perdi\u00f3 la alcald\u00eda<\/strong>&nbsp;en las urnas luego de que los Ovalle respaldaran a otro candidato.&nbsp;<\/p>\n\n\n\n<p>En un primer encuentro con la Fiscal\u00eda, en septiembre de 2014, O\u00f1ate neg\u00f3 cualquier nexo con la muerte de Ovalle, quien era su primo y con quien ten\u00eda buenas relaciones, seg\u00fan explic\u00f3. Y contrat\u00f3 para su defensa al exjefe del CTI, Daniel Juli\u00e1n Quintana.<\/p>\n\n\n\n<p>De hecho, muchos creyeron que el proceso se hab\u00eda ca\u00eddo, luego de que quedaran en libertad algunos supuestos coautores.\n\n<\/p>\n","protected":false},"excerpt":{"rendered":"<p>Fiscal\u00eda confirm\u00f3 que lo cit\u00f3 el 6 de diciembre, dentro del proceso por el crimen de Efra\u00edn Ovalle. Desde hace dos a\u00f1os, la investigaci\u00f3n por el crimen del asesinato del dirigente pol\u00edtico Efra\u00edn Ovalle O\u00f1ate, ocurrido el 25 de febrero de 2012, estaba quieto. Lo \u00faltimo que se supo es que\u00a0el expediente se traslad\u00f3 a&#8230;<\/p>\n","protected":false},"author":1,"featured_media":67706,"comment_status":"open","ping_status":"open","sticky":false,"template":"","format":"standard","meta":[],"categories":[1],"tags":[],"jetpack_sharing_enabled":true,"jetpack_featured_media_url":"https:\/\/malamboradio.com\/web\/wp-content\/uploads\/2019\/11\/5bf81655c5865.jpeg","_links":{"self":[{"href":"https:\/\/malamboradio.com\/web\/wp-json\/wp\/v2\/posts\/67705"}],"collection":[{"href":"https:\/\/malamboradio.com\/web\/wp-json\/wp\/v2\/posts"}],"about":[{"href":"https:\/\/malamboradio.com\/web\/wp-json\/wp\/v2\/types\/post"}],"author":[{"embeddable":true,"href":"https:\/\/malamboradio.com\/web\/wp-json\/wp\/v2\/users\/1"}],"replies":[{"embeddable":true,"href":"https:\/\/malamboradio.com\/web\/wp-json\/wp\/v2\/comments?post=67705"}],"version-history":[{"count":1,"href":"https:\/\/malamboradio.com\/web\/wp-json\/wp\/v2\/posts\/67705\/revisions"}],"predecessor-version":[{"id":67707,"href":"https:\/\/malamboradio.com\/web\/wp-json\/wp\/v2\/posts\/67705\/revisions\/67707"}],"wp:featuredmedia":[{"embeddable":true,"href":"https:\/\/malamboradio.com\/web\/wp-json\/wp\/v2\/media\/67706"}],"wp:attachment":[{"href":"https:\/\/malamboradio.com\/web\/wp-json\/wp\/v2\/media?parent=67705"}],"wp:term":[{"taxonomy":"category","embeddable":true,"href":"https:\/\/malamboradio.com\/web\/wp-json\/wp\/v2\/categories?post=67705"},{"taxonomy":"post_tag","embeddable":true,"href":"https:\/\/malamboradio.com\/web\/wp-json\/wp\/v2\/tags?post=67705"}],"curies":[{"name":"wp","href":"https:\/\/api.w.org\/{rel}","templated":true}]}}