{"id":67689,"date":"2019-11-30T13:42:47","date_gmt":"2019-11-30T13:42:47","guid":{"rendered":"http:\/\/malamboradio.com\/web\/?p=67689"},"modified":"2019-11-30T13:43:49","modified_gmt":"2019-11-30T13:43:49","slug":"asi-van-a-iluminar-su-vida-los-barranquilleros-en-el-gran-malecon-se-encienden-las-luces-navidenas","status":"publish","type":"post","link":"https:\/\/malamboradio.com\/web\/2019\/11\/30\/asi-van-a-iluminar-su-vida-los-barranquilleros-en-el-gran-malecon-se-encienden-las-luces-navidenas\/","title":{"rendered":"As\u00ed van a iluminar su vida los barranquilleros en el Gran Malec\u00f3n: se encienden las luces navide\u00f1as"},"content":{"rendered":"\n<p>\n\nAs\u00ed quedar\u00e1 el sitio m\u00e1s visitado del pa\u00eds a partir de esta noche.<\/p>\n\n\n\n<p>La Navidad llega al Gran Malec\u00f3n del R\u00edo y asi quedar\u00e1 a partir de esta noche el lugar m\u00e1s visitado del pa\u00eds y de Barranquilla.\u00a0<\/p>\n\n\n\n<p>A las 6:30 p.m. se encender\u00e1 el alumbrado navide\u00f1o en la ciudad y los barranquilleros se van a iluminar.&nbsp;<\/p>\n\n\n\n<p>El Alcalde de Barranquilla, Alejandro Char, ser\u00e1 el encargado de encender la Navidad en la ciudad que est\u00e1 a la vanguardia en el pa\u00eds.\u00a0<\/p>\n\n\n\n<p>Los barranquilleros se van a encontrar en el recorrido por el Gran Malec\u00f3n del R\u00edo con&nbsp;22 figuras gigantes entre \u00e1ngeles y campanas; una c\u00fapula y \u00e1rboles de Navidad tipo led, vitral y con figuras; 100 figuras volum\u00e9tricas y 500 ramos de flores.&nbsp;<\/p>\n\n\n\n<p>Sin embargo, los ciudadanos podr\u00e1n disfrutar de ciertos puntos espec\u00edficos, en donde habr\u00e1n estructuras y figuras de gran relevancia.\u00a0<\/p>\n\n\n\n<p>Va a haber una c\u00fapula, un show de luces musical en la plaza exclusiva para este ambiente, un \u00e1rbol de Navidad gigante ser\u00e1 encendido, un t\u00fanel y el parque interactivo de agua le dar\u00e1n un toque distinto al ambiente y la Villa de Bel\u00e9n ser\u00e1 el recinto de paz.<\/p>\n\n\n\n<p>Tambi\u00e9n, se encender\u00e1n otras estructuras, como \u00e1rboles vitrales, la tarjeta navide\u00f1a y \u00e1rboles show. <\/p>\n\n\n\n<p>Por \u00faltimo los barranquilleros conocer\u00e1n un \u00e1rbol musical y la campana de Navidad, uno de los atractivos de este a\u00f1o.<\/p>\n\n\n\n<p>La cita es a las 6:30 p.m., asista con la familia y lleve a los ni\u00f1os para que vivan el inicio de la temporada de diciembre, la \u00e9poca m\u00e1s alegre del a\u00f1o.<\/p>\n\n\n\n<ul class=\"wp-block-gallery columns-3 is-cropped wp-block-gallery-1 is-layout-flex\"><li class=\"blocks-gallery-item\"><figure><img decoding=\"async\" loading=\"lazy\" width=\"1024\" height=\"573\" src=\"http:\/\/malamboradio.com\/web\/wp-content\/uploads\/2019\/11\/navidad_1_0-1024x573.jpg\" alt=\"\" data-id=\"67690\" data-link=\"http:\/\/malamboradio.com\/web\/?attachment_id=67690\" class=\"wp-image-67690\" srcset=\"https:\/\/malamboradio.com\/web\/wp-content\/uploads\/2019\/11\/navidad_1_0-1024x573.jpg 1024w, https:\/\/malamboradio.com\/web\/wp-content\/uploads\/2019\/11\/navidad_1_0-300x168.jpg 300w, https:\/\/malamboradio.com\/web\/wp-content\/uploads\/2019\/11\/navidad_1_0-768x430.jpg 768w, https:\/\/malamboradio.com\/web\/wp-content\/uploads\/2019\/11\/navidad_1_0-580x325.jpg 580w, https:\/\/malamboradio.com\/web\/wp-content\/uploads\/2019\/11\/navidad_1_0-860x481.jpg 860w, https:\/\/malamboradio.com\/web\/wp-content\/uploads\/2019\/11\/navidad_1_0-1160x649.jpg 1160w, https:\/\/malamboradio.com\/web\/wp-content\/uploads\/2019\/11\/navidad_1_0.jpg 1260w\" sizes=\"(max-width: 1024px) 100vw, 1024px\" \/><\/figure><\/li><li class=\"blocks-gallery-item\"><figure><img decoding=\"async\" loading=\"lazy\" width=\"1024\" height=\"573\" src=\"http:\/\/malamboradio.com\/web\/wp-content\/uploads\/2019\/11\/navidad_2-1024x573.jpg\" alt=\"\" data-id=\"67691\" data-link=\"http:\/\/malamboradio.com\/web\/?attachment_id=67691\" class=\"wp-image-67691\" srcset=\"https:\/\/malamboradio.com\/web\/wp-content\/uploads\/2019\/11\/navidad_2-1024x573.jpg 1024w, https:\/\/malamboradio.com\/web\/wp-content\/uploads\/2019\/11\/navidad_2-300x168.jpg 300w, https:\/\/malamboradio.com\/web\/wp-content\/uploads\/2019\/11\/navidad_2-768x430.jpg 768w, https:\/\/malamboradio.com\/web\/wp-content\/uploads\/2019\/11\/navidad_2-580x325.jpg 580w, https:\/\/malamboradio.com\/web\/wp-content\/uploads\/2019\/11\/navidad_2-860x481.jpg 860w, https:\/\/malamboradio.com\/web\/wp-content\/uploads\/2019\/11\/navidad_2-1160x649.jpg 1160w, https:\/\/malamboradio.com\/web\/wp-content\/uploads\/2019\/11\/navidad_2.jpg 1260w\" sizes=\"(max-width: 1024px) 100vw, 1024px\" \/><\/figure><\/li><li class=\"blocks-gallery-item\"><figure><img decoding=\"async\" loading=\"lazy\" width=\"1024\" height=\"573\" src=\"http:\/\/malamboradio.com\/web\/wp-content\/uploads\/2019\/11\/navidad_3-1024x573.jpg\" alt=\"\" data-id=\"67692\" data-link=\"http:\/\/malamboradio.com\/web\/?attachment_id=67692\" class=\"wp-image-67692\" srcset=\"https:\/\/malamboradio.com\/web\/wp-content\/uploads\/2019\/11\/navidad_3-1024x573.jpg 1024w, https:\/\/malamboradio.com\/web\/wp-content\/uploads\/2019\/11\/navidad_3-300x168.jpg 300w, https:\/\/malamboradio.com\/web\/wp-content\/uploads\/2019\/11\/navidad_3-768x430.jpg 768w, https:\/\/malamboradio.com\/web\/wp-content\/uploads\/2019\/11\/navidad_3-580x325.jpg 580w, https:\/\/malamboradio.com\/web\/wp-content\/uploads\/2019\/11\/navidad_3-860x481.jpg 860w, https:\/\/malamboradio.com\/web\/wp-content\/uploads\/2019\/11\/navidad_3-1160x649.jpg 1160w, https:\/\/malamboradio.com\/web\/wp-content\/uploads\/2019\/11\/navidad_3.jpg 1260w\" sizes=\"(max-width: 1024px) 100vw, 1024px\" \/><\/figure><\/li><li class=\"blocks-gallery-item\"><figure><img decoding=\"async\" loading=\"lazy\" width=\"1024\" height=\"573\" src=\"http:\/\/malamboradio.com\/web\/wp-content\/uploads\/2019\/11\/navidad_4-1024x573.jpg\" alt=\"\" data-id=\"67693\" data-link=\"http:\/\/malamboradio.com\/web\/?attachment_id=67693\" class=\"wp-image-67693\" srcset=\"https:\/\/malamboradio.com\/web\/wp-content\/uploads\/2019\/11\/navidad_4-1024x573.jpg 1024w, https:\/\/malamboradio.com\/web\/wp-content\/uploads\/2019\/11\/navidad_4-300x168.jpg 300w, https:\/\/malamboradio.com\/web\/wp-content\/uploads\/2019\/11\/navidad_4-768x430.jpg 768w, https:\/\/malamboradio.com\/web\/wp-content\/uploads\/2019\/11\/navidad_4-580x325.jpg 580w, https:\/\/malamboradio.com\/web\/wp-content\/uploads\/2019\/11\/navidad_4-860x481.jpg 860w, https:\/\/malamboradio.com\/web\/wp-content\/uploads\/2019\/11\/navidad_4-1160x649.jpg 1160w, https:\/\/malamboradio.com\/web\/wp-content\/uploads\/2019\/11\/navidad_4.jpg 1260w\" sizes=\"(max-width: 1024px) 100vw, 1024px\" \/><\/figure><\/li><li class=\"blocks-gallery-item\"><figure><img decoding=\"async\" loading=\"lazy\" width=\"1024\" height=\"573\" src=\"http:\/\/malamboradio.com\/web\/wp-content\/uploads\/2019\/11\/navidad_5-1024x573.jpg\" alt=\"\" data-id=\"67694\" data-link=\"http:\/\/malamboradio.com\/web\/?attachment_id=67694\" class=\"wp-image-67694\" srcset=\"https:\/\/malamboradio.com\/web\/wp-content\/uploads\/2019\/11\/navidad_5-1024x573.jpg 1024w, https:\/\/malamboradio.com\/web\/wp-content\/uploads\/2019\/11\/navidad_5-300x168.jpg 300w, https:\/\/malamboradio.com\/web\/wp-content\/uploads\/2019\/11\/navidad_5-768x430.jpg 768w, https:\/\/malamboradio.com\/web\/wp-content\/uploads\/2019\/11\/navidad_5-580x325.jpg 580w, https:\/\/malamboradio.com\/web\/wp-content\/uploads\/2019\/11\/navidad_5-860x481.jpg 860w, https:\/\/malamboradio.com\/web\/wp-content\/uploads\/2019\/11\/navidad_5-1160x649.jpg 1160w, https:\/\/malamboradio.com\/web\/wp-content\/uploads\/2019\/11\/navidad_5.jpg 1260w\" sizes=\"(max-width: 1024px) 100vw, 1024px\" \/><\/figure><\/li><\/ul>\n\n\n\n<p><br><\/p>\n","protected":false},"excerpt":{"rendered":"<p>As\u00ed quedar\u00e1 el sitio m\u00e1s visitado del pa\u00eds a partir de esta noche. La Navidad llega al Gran Malec\u00f3n del R\u00edo y asi quedar\u00e1 a partir de esta noche el lugar m\u00e1s visitado del pa\u00eds y de Barranquilla.\u00a0 A las 6:30 p.m. se encender\u00e1 el alumbrado navide\u00f1o en la ciudad y los barranquilleros se van&#8230;<\/p>\n","protected":false},"author":1,"featured_media":67690,"comment_status":"open","ping_status":"open","sticky":false,"template":"","format":"standard","meta":[],"categories":[1],"tags":[],"jetpack_sharing_enabled":true,"jetpack_featured_media_url":"https:\/\/malamboradio.com\/web\/wp-content\/uploads\/2019\/11\/navidad_1_0.jpg","_links":{"self":[{"href":"https:\/\/malamboradio.com\/web\/wp-json\/wp\/v2\/posts\/67689"}],"collection":[{"href":"https:\/\/malamboradio.com\/web\/wp-json\/wp\/v2\/posts"}],"about":[{"href":"https:\/\/malamboradio.com\/web\/wp-json\/wp\/v2\/types\/post"}],"author":[{"embeddable":true,"href":"https:\/\/malamboradio.com\/web\/wp-json\/wp\/v2\/users\/1"}],"replies":[{"embeddable":true,"href":"https:\/\/malamboradio.com\/web\/wp-json\/wp\/v2\/comments?post=67689"}],"version-history":[{"count":2,"href":"https:\/\/malamboradio.com\/web\/wp-json\/wp\/v2\/posts\/67689\/revisions"}],"predecessor-version":[{"id":67698,"href":"https:\/\/malamboradio.com\/web\/wp-json\/wp\/v2\/posts\/67689\/revisions\/67698"}],"wp:featuredmedia":[{"embeddable":true,"href":"https:\/\/malamboradio.com\/web\/wp-json\/wp\/v2\/media\/67690"}],"wp:attachment":[{"href":"https:\/\/malamboradio.com\/web\/wp-json\/wp\/v2\/media?parent=67689"}],"wp:term":[{"taxonomy":"category","embeddable":true,"href":"https:\/\/malamboradio.com\/web\/wp-json\/wp\/v2\/categories?post=67689"},{"taxonomy":"post_tag","embeddable":true,"href":"https:\/\/malamboradio.com\/web\/wp-json\/wp\/v2\/tags?post=67689"}],"curies":[{"name":"wp","href":"https:\/\/api.w.org\/{rel}","templated":true}]}}