{"id":67682,"date":"2019-11-30T13:38:48","date_gmt":"2019-11-30T13:38:48","guid":{"rendered":"http:\/\/malamboradio.com\/web\/?p=67682"},"modified":"2019-11-30T13:40:27","modified_gmt":"2019-11-30T13:40:27","slug":"indigenas-se-sumaron-a-las-protestas-y-le-piden-a-duque-escuchar-clamor-popular","status":"publish","type":"post","link":"https:\/\/malamboradio.com\/web\/2019\/11\/30\/indigenas-se-sumaron-a-las-protestas-y-le-piden-a-duque-escuchar-clamor-popular\/","title":{"rendered":"Ind\u00edgenas se sumaron a las protestas y le piden a Duque escuchar clamor popular"},"content":{"rendered":"\n<p>Marcharon en Bogot\u00e1.<\/p>\n\n\n\n<p>Un centenar de ind\u00edgenas de varias regiones colombianas se sumaron este viernes en Bogot\u00e1 a las protestas contra el Gobierno del Presidente, Iv\u00e1n Duque, al que le solicitan atender el clamor del pueblo que pide cambios sociales.<\/p>\n\n\n\n<p><em>&#8220;Venimos a sumarnos a las protestas nacionales y a respaldar las propuestas de varios sectores que piden echar para atr\u00e1s cosas como la reforma de pensiones y la tributaria, mejorar la educaci\u00f3n y cuidar el medio ambiente<\/em>&#8220;, dijo a Efe la consejera de la Organizaci\u00f3n Nacional Ind\u00edgena de Colombia (ONIC), Aida Quilcu\u00e9.<\/p>\n\n\n\n<p>La l\u00edder ind\u00edgena explic\u00f3 que se suman tambi\u00e9n a las movilizaciones porque persisten las violaciones a los derechos humanos y la violencia contra los pueblos abor\u00edgenes.<\/p>\n\n\n\n<p><em>&#8220;La minga ind\u00edgena siempre ha estado en asamblea permanente, en movilizaciones permanentes a ra\u00edz de la sistem\u00e1tica violaci\u00f3n de derechos humanos que se est\u00e1 viviendo en el Cauca y en las distintas regiones del pa\u00eds&#8221;<\/em>, explic\u00f3 Quilcu\u00e9.<\/p>\n\n\n\n<p>Las centrales obreras y movimientos sociales que convocaron la protesta y los dos &#8220;paros nacionales&#8221; de la \u00faltima semana, han reiterado sus peticiones al Gobierno para que abra un di\u00e1logo<em>&nbsp;&#8220;democr\u00e1tico y eficaz&#8221;<\/em>&nbsp;con ellos.<\/p>\n\n\n\n<p>Los ind\u00edgenas participar\u00e1n de las actividades que programen los promotores de las protestas, especialmente lo que tenga que ver con los estudiantes de las universidades p\u00fablicas.<\/p>\n\n\n\n<p>Un grupo de unos 200 estudiantes acompa\u00f1aron hoy a los ind\u00edgenas en un recorrido desde la Universidad Nacional hasta el centro de la ciudad, donde a pesar de un torrencial aguacero hicieron un homenaje al joven Dilan Cruz, de 18 a\u00f1os, que muri\u00f3 el pasado lunes v\u00edctima de la violencia policial.<\/p>\n\n\n\n<p>Ind\u00edgenas y estudiantes se detuvieron en una esquina de la Avenida 19 donde Cruz cay\u00f3 herido el pasado s\u00e1bado e hicieron un baile en su honor y luego siguieron su recorrido hasta la c\u00e9ntrica Plaza de Bol\u00edvar encabezados por ni\u00f1as que llevaban a bandera roja y verde de la Consejo Regional Ind\u00edgena del Cauca (CRIC).<\/p>\n\n\n\n<p>El respaldo a las manifestaciones sociales, seg\u00fan Quilcu\u00e9, no pasa por estar de acuerdo con los sectores que plantean la salida del Presidente Duque.<\/p>\n\n\n\n<p><em>&#8220;La minga de momento no tienen es tema&#8221;<\/em>, subray\u00f3 la l\u00edder ind\u00edgena, quien sin embargo dijo que el Gobierno debe cumplir con los acuerdos firmados con distintos sectores e implementar el acuerdo de paz con las FARC firmado hace tres a\u00f1os.<\/p>\n\n\n\n<p>Por su parte Diego Armado Tabarquino, l\u00edder del Consejo Regional Ind\u00edgena de Caldas, asegur\u00f3 a Efe que llegan a Bogot\u00e1 porque no est\u00e1n de acuerdo con Duque porque &#8220;no defiende la vida&#8221;.<\/p>\n\n\n\n<p><em>&#8220;La minga ind\u00edgena en Bogot\u00e1 est\u00e1 porque creemos y pensamos que en estos momentos se est\u00e1n tramitando leyes, decretos y normas que van en contra de la vida, en contra los derechos naturales, en contra de los derechos de la sociedad y en contra del pueblo colombiano&#8221;<\/em>, asegur\u00f3 Tabarquino.<\/p>\n","protected":false},"excerpt":{"rendered":"<p>Marcharon en Bogot\u00e1. Un centenar de ind\u00edgenas de varias regiones colombianas se sumaron este viernes en Bogot\u00e1 a las protestas contra el Gobierno del Presidente, Iv\u00e1n Duque, al que le solicitan atender el clamor del pueblo que pide cambios sociales. &#8220;Venimos a sumarnos a las protestas nacionales y a respaldar las propuestas de varios sectores&#8230;<\/p>\n","protected":false},"author":1,"featured_media":67684,"comment_status":"open","ping_status":"open","sticky":false,"template":"","format":"standard","meta":[],"categories":[1],"tags":[],"jetpack_sharing_enabled":true,"jetpack_featured_media_url":"https:\/\/malamboradio.com\/web\/wp-content\/uploads\/2019\/11\/indigenas_en_la_marcha.jpg","_links":{"self":[{"href":"https:\/\/malamboradio.com\/web\/wp-json\/wp\/v2\/posts\/67682"}],"collection":[{"href":"https:\/\/malamboradio.com\/web\/wp-json\/wp\/v2\/posts"}],"about":[{"href":"https:\/\/malamboradio.com\/web\/wp-json\/wp\/v2\/types\/post"}],"author":[{"embeddable":true,"href":"https:\/\/malamboradio.com\/web\/wp-json\/wp\/v2\/users\/1"}],"replies":[{"embeddable":true,"href":"https:\/\/malamboradio.com\/web\/wp-json\/wp\/v2\/comments?post=67682"}],"version-history":[{"count":1,"href":"https:\/\/malamboradio.com\/web\/wp-json\/wp\/v2\/posts\/67682\/revisions"}],"predecessor-version":[{"id":67685,"href":"https:\/\/malamboradio.com\/web\/wp-json\/wp\/v2\/posts\/67682\/revisions\/67685"}],"wp:featuredmedia":[{"embeddable":true,"href":"https:\/\/malamboradio.com\/web\/wp-json\/wp\/v2\/media\/67684"}],"wp:attachment":[{"href":"https:\/\/malamboradio.com\/web\/wp-json\/wp\/v2\/media?parent=67682"}],"wp:term":[{"taxonomy":"category","embeddable":true,"href":"https:\/\/malamboradio.com\/web\/wp-json\/wp\/v2\/categories?post=67682"},{"taxonomy":"post_tag","embeddable":true,"href":"https:\/\/malamboradio.com\/web\/wp-json\/wp\/v2\/tags?post=67682"}],"curies":[{"name":"wp","href":"https:\/\/api.w.org\/{rel}","templated":true}]}}