{"id":67502,"date":"2019-11-29T20:20:04","date_gmt":"2019-11-29T20:20:04","guid":{"rendered":"http:\/\/malamboradio.com\/web\/?p=67502"},"modified":"2019-11-29T20:20:06","modified_gmt":"2019-11-29T20:20:06","slug":"alcalde-electo-de-malambo-y-epm-acuerdan-hoja-de-ruta-para-optimizar-servicio-de-agua-potable","status":"publish","type":"post","link":"https:\/\/malamboradio.com\/web\/2019\/11\/29\/alcalde-electo-de-malambo-y-epm-acuerdan-hoja-de-ruta-para-optimizar-servicio-de-agua-potable\/","title":{"rendered":"Alcalde electo de Malambo y EPM acuerdan hoja de ruta para optimizar servicio de agua potable"},"content":{"rendered":"\n<p>Medell\u00edn (Antioquia), 29 de Noviembre de 2019. El alcalde electo de Malambo, Rumenigge Monsalve y el gerente de las Empresas P\u00fablicas de Medell\u00edn, Jorge Londo\u00f1o De la Cuesta, sostuvieron una primera reuni\u00f3n en la capital de Antioquia, en la que convinieron una hoja de ruta que permita garantizar la optimizaci\u00f3n del servicio de agua potable.<\/p>\n\n\n\n<p>EPM opera desde hace varios a\u00f1os el acueducto del municipio a trav\u00e9s de la empresa Aguas de Malambo. Sin embargo, se requieren esfuerzos urgentes para mejorar en cobertura, calidad y recaudo.<\/p>\n\n\n\n<p>Durante el encuentro en que tambi\u00e9n participaron el senador Laureano Acu\u00f1a y el abogado Alfonso de la Cruz, quien oficia como l\u00edder del proceso de empalme a nombre de la nueva administraci\u00f3n, se fijaron las siguientes tareas y compromisos:<\/p>\n\n\n\n<p>1.- Ejecuci\u00f3n de un Plan de Acci\u00f3n encaminado a garantizar la normalizaci\u00f3n del servicio de agua potable. <\/p>\n\n\n\n<p>2.- Ampliaci\u00f3n de cobertura para beneficio de aquellos moradores que hoy no cuentan con el preciado l\u00edquido.<\/p>\n\n\n\n<p>3.- Trabajar una agenda com\u00fan para desarrollar las obras pertinentes y as\u00ed brindar un buen servicio de agua. Inicialmente se requiere para abastecer el l\u00edquido dos tanques de almacenamiento de 3.000 metros c\u00fabicos.<\/p>\n\n\n\n<ol><li>Se requiere hacer seis obras, pero tres de ellas tienen prioridad para dar inicio a este plan y est\u00e1n avaluadas en 15 mil millones de pesos, aproximadamente.<\/li><li>El alcalde electo, Rumenigge Monsalve, celebr\u00f3 los principios de acuerdo logrados y anunci\u00f3 que promover\u00e1 el conjunto de inversiones que se requieren de manera articulada con el Gobierno Nacional para lograr los prop\u00f3sitos, lo cual es un compromiso establecido previamente con la comunidad.<\/li><li><\/li><\/ol>\n\n\n\n<ul class=\"wp-block-gallery columns-2 is-cropped wp-block-gallery-1 is-layout-flex\"><li class=\"blocks-gallery-item\"><figure><img decoding=\"async\" loading=\"lazy\" width=\"1024\" height=\"768\" src=\"http:\/\/malamboradio.com\/web\/wp-content\/uploads\/2019\/11\/WhatsApp-Image-2019-11-29-at-15.16.21-1024x768.jpeg\" alt=\"\" data-id=\"67503\" data-link=\"http:\/\/malamboradio.com\/web\/?attachment_id=67503\" class=\"wp-image-67503\" srcset=\"https:\/\/malamboradio.com\/web\/wp-content\/uploads\/2019\/11\/WhatsApp-Image-2019-11-29-at-15.16.21-1024x768.jpeg 1024w, https:\/\/malamboradio.com\/web\/wp-content\/uploads\/2019\/11\/WhatsApp-Image-2019-11-29-at-15.16.21-300x225.jpeg 300w, https:\/\/malamboradio.com\/web\/wp-content\/uploads\/2019\/11\/WhatsApp-Image-2019-11-29-at-15.16.21-768x576.jpeg 768w, https:\/\/malamboradio.com\/web\/wp-content\/uploads\/2019\/11\/WhatsApp-Image-2019-11-29-at-15.16.21-580x435.jpeg 580w, https:\/\/malamboradio.com\/web\/wp-content\/uploads\/2019\/11\/WhatsApp-Image-2019-11-29-at-15.16.21-860x645.jpeg 860w, https:\/\/malamboradio.com\/web\/wp-content\/uploads\/2019\/11\/WhatsApp-Image-2019-11-29-at-15.16.21-1160x870.jpeg 1160w, https:\/\/malamboradio.com\/web\/wp-content\/uploads\/2019\/11\/WhatsApp-Image-2019-11-29-at-15.16.21.jpeg 1280w\" sizes=\"(max-width: 1024px) 100vw, 1024px\" \/><\/figure><\/li><li class=\"blocks-gallery-item\"><figure><img decoding=\"async\" loading=\"lazy\" width=\"1024\" height=\"768\" src=\"http:\/\/malamboradio.com\/web\/wp-content\/uploads\/2019\/11\/WhatsApp-Image-2019-11-29-at-15.16.22-1024x768.jpeg\" alt=\"\" data-id=\"67504\" data-link=\"http:\/\/malamboradio.com\/web\/?attachment_id=67504\" class=\"wp-image-67504\" srcset=\"https:\/\/malamboradio.com\/web\/wp-content\/uploads\/2019\/11\/WhatsApp-Image-2019-11-29-at-15.16.22-1024x768.jpeg 1024w, https:\/\/malamboradio.com\/web\/wp-content\/uploads\/2019\/11\/WhatsApp-Image-2019-11-29-at-15.16.22-300x225.jpeg 300w, https:\/\/malamboradio.com\/web\/wp-content\/uploads\/2019\/11\/WhatsApp-Image-2019-11-29-at-15.16.22-768x576.jpeg 768w, https:\/\/malamboradio.com\/web\/wp-content\/uploads\/2019\/11\/WhatsApp-Image-2019-11-29-at-15.16.22-580x435.jpeg 580w, https:\/\/malamboradio.com\/web\/wp-content\/uploads\/2019\/11\/WhatsApp-Image-2019-11-29-at-15.16.22-860x645.jpeg 860w, https:\/\/malamboradio.com\/web\/wp-content\/uploads\/2019\/11\/WhatsApp-Image-2019-11-29-at-15.16.22-1160x870.jpeg 1160w, https:\/\/malamboradio.com\/web\/wp-content\/uploads\/2019\/11\/WhatsApp-Image-2019-11-29-at-15.16.22.jpeg 1280w\" sizes=\"(max-width: 1024px) 100vw, 1024px\" \/><\/figure><\/li><\/ul>\n\n\n\n<p>Oficina de Comunicaciones y Prensa<br> Rumenigge Monsalve<br> Alcalde electo de Malambo<\/p>\n\n\n\n<p><\/p>\n","protected":false},"excerpt":{"rendered":"<p>Medell\u00edn (Antioquia), 29 de Noviembre de 2019. El alcalde electo de Malambo, Rumenigge Monsalve y el gerente de las Empresas P\u00fablicas de Medell\u00edn, Jorge Londo\u00f1o De la Cuesta, sostuvieron una primera reuni\u00f3n en la capital de Antioquia, en la que convinieron una hoja de ruta que permita garantizar la optimizaci\u00f3n del servicio de agua potable&#8230;.<\/p>\n","protected":false},"author":1,"featured_media":67504,"comment_status":"open","ping_status":"open","sticky":false,"template":"","format":"standard","meta":[],"categories":[1],"tags":[],"jetpack_sharing_enabled":true,"jetpack_featured_media_url":"https:\/\/malamboradio.com\/web\/wp-content\/uploads\/2019\/11\/WhatsApp-Image-2019-11-29-at-15.16.22.jpeg","_links":{"self":[{"href":"https:\/\/malamboradio.com\/web\/wp-json\/wp\/v2\/posts\/67502"}],"collection":[{"href":"https:\/\/malamboradio.com\/web\/wp-json\/wp\/v2\/posts"}],"about":[{"href":"https:\/\/malamboradio.com\/web\/wp-json\/wp\/v2\/types\/post"}],"author":[{"embeddable":true,"href":"https:\/\/malamboradio.com\/web\/wp-json\/wp\/v2\/users\/1"}],"replies":[{"embeddable":true,"href":"https:\/\/malamboradio.com\/web\/wp-json\/wp\/v2\/comments?post=67502"}],"version-history":[{"count":1,"href":"https:\/\/malamboradio.com\/web\/wp-json\/wp\/v2\/posts\/67502\/revisions"}],"predecessor-version":[{"id":67505,"href":"https:\/\/malamboradio.com\/web\/wp-json\/wp\/v2\/posts\/67502\/revisions\/67505"}],"wp:featuredmedia":[{"embeddable":true,"href":"https:\/\/malamboradio.com\/web\/wp-json\/wp\/v2\/media\/67504"}],"wp:attachment":[{"href":"https:\/\/malamboradio.com\/web\/wp-json\/wp\/v2\/media?parent=67502"}],"wp:term":[{"taxonomy":"category","embeddable":true,"href":"https:\/\/malamboradio.com\/web\/wp-json\/wp\/v2\/categories?post=67502"},{"taxonomy":"post_tag","embeddable":true,"href":"https:\/\/malamboradio.com\/web\/wp-json\/wp\/v2\/tags?post=67502"}],"curies":[{"name":"wp","href":"https:\/\/api.w.org\/{rel}","templated":true}]}}