{"id":64795,"date":"2019-11-15T01:18:42","date_gmt":"2019-11-15T01:18:42","guid":{"rendered":"http:\/\/malamboradio.com\/web\/?p=64795"},"modified":"2019-11-15T01:19:15","modified_gmt":"2019-11-15T01:19:15","slug":"estamos-dejando-las-bases-de-un-area-metropolitana-de-barranquilla-con-un-nuevo-concepto-urbanistico-verano","status":"publish","type":"post","link":"https:\/\/malamboradio.com\/web\/2019\/11\/15\/estamos-dejando-las-bases-de-un-area-metropolitana-de-barranquilla-con-un-nuevo-concepto-urbanistico-verano\/","title":{"rendered":"\u201cEstamos dejando las bases de un \u00e1rea metropolitana de Barranquilla con un nuevo concepto urban\u00edstico\u201d: Verano"},"content":{"rendered":"\n<p>El gobernador Eduardo Verano de la Rosa present\u00f3, por primera vez, un adelanto del estudio que realiza actualmente la firma internacional Bjarke Ingels Group (BIG), encargada de asesorar la planeaci\u00f3n ordenada de la expansi\u00f3n territorial de 16.000 hect\u00e1reas que hay entre la Circunvalar actual y la segunda Circunvalar (Circunvalar de la Prosperidad), la cual une a Malambo, Galapa, Caracol\u00ed, Puerto Colombia y Barranquilla<\/p>\n\n\n\n<p>Con la presencia del ministro de Comercio, Industria y Turismo, Jos\u00e9 Manuel Restrepo, el gobernador Verano mostr\u00f3 durante el foro &#8216;Desarrollo Econ\u00f3mico Metropolitano: el siguiente paso&#8217;, la visi\u00f3n del nuevo departamento del Atl\u00e1ntico que se ha gestado en los \u00faltimos cuatro a\u00f1os.<\/p>\n\n\n\n<p>&#8220;El 20 de diciembre, la firma BIG nos har\u00e1 entrega del estudio completo y la propuesta final de c\u00f3mo debe ser la &#8216;Nueva Gran Barranquilla&#8217;, un \u00e1rea metropolitana ordenada para los pr\u00f3ximos 100 a\u00f1os, fruto de un trabajo de la planificaci\u00f3n urban\u00edstica del territorio entre la primera y segunda Circunvalar, un proyecto que hemos liderado desde la Gobernaci\u00f3n del Atl\u00e1ntico&#8221;, explic\u00f3 el mandatario.<\/p>\n\n\n\n<p>Agreg\u00f3 que ya se cuenta con un informe preliminar del avance del estudio urban\u00edstico. &#8220;Hoy por primera vez lo mostramos a la comunidad porque estamos seguros que se est\u00e1 proyectando el crecimiento ordenado del Atl\u00e1ntico y especialmente del \u00e1rea metropolitana de Barranquilla. Todo el espacio que hay entre la primera y segunda Circunvalar nos va a permitir un desarrollo gigante y serio&#8221;.<\/p>\n\n\n\n<p>Puntualiz\u00f3 que este proceso de planeaci\u00f3n requiere una visi\u00f3n de todos para construir la ciudad y el departamento que necesitamos. &#8220;Estamos dejando las bases de un departamento del Atl\u00e1ntico en desarrollo, con 455 obras de infraestructura de impacto social, en las que hemos invertido $10,9 billones totales, de los cuales, $4,4 billones fueron con recursos propios y el restante $6,5 billones fruto de la gesti\u00f3n ante el Gobierno nacional y recursos de App y la CRA&#8221;.<\/p>\n\n\n\n<p>BIG es una empresa especializada en desarrollo de ciudades, con \u00e9xito en la planificaci\u00f3n integral de Copenhague (Dinamarca), y que el prop\u00f3sito es que se le d\u00e9 orden a un \u00e1rea m\u00e1s grande a la Barranquilla actual. &#8220;Los escogimos por su gran experiencia y la similitud en la proyecci\u00f3n que vivi\u00f3 esa ciudad europea con lo que nosotros queremos ocurra con el \u00e1rea metropolitana de Barranquilla&#8221;, dijo<\/p>\n\n\n\n<p>Expres\u00f3 tambi\u00e9n que la segunda Circunvalar o Circunvalar de la Prosperidad, de 34 kil\u00f3metros de extensi\u00f3n a doble calzada, cambia el esquema urban\u00edstico del \u00e1rea metropolitana de Barranquilla, al mostrar una fisonom\u00eda de ciudad progresista.<\/p>\n\n\n\n<p>&#8220;El objetivo es que la zona aleda\u00f1a a la segunda Circunvalar crezca ordenada y sistem\u00e1tica, para lo cual debemos contar con un Plan de Ordenamiento Territorial (POT) adecuado. En esta organizaci\u00f3n ordenada se determinar\u00e1 d\u00f3nde y c\u00f3mo estar\u00edan ubicadas las zonas comerciales, industriales y residenciales, con un total respeto por el medio ambiente&#8221;.<\/p>\n\n\n\n<p>Resalt\u00f3 que el fin es dar un uso planificado en los territorios adyacentes a la segunda Circunvalar, con el fin de que no se comentan los errores vividos con el desarrollo de los espacios aleda\u00f1os a la primera Circunvalar.<\/p>\n\n\n\n<p>&#8220;Queremos tener una ciudad como Copenhague, organizada y estructurada. La primera Circunvalar se desarroll\u00f3 pegada a la v\u00eda y obstaculiz\u00f3 la movilidad. Planificar este nuevo territorio en expansi\u00f3n, de manera correcta, tendr\u00e1 en cuenta los temas ambientales, de productividad, conectividad con puertos y aeropuertos para as\u00ed tener un crecimiento econ\u00f3mico del \u00e1rea metropolitana y el Atl\u00e1ntico de forma eficiente. BIG nos dar\u00e1 un plan para seguir y poder llegar a ser una de las ciudades mejor organizadas del pa\u00eds.&#8221;, destac\u00f3.<\/p>\n\n\n\n<p>Durante el foro, la Corporaci\u00f3n Empresarial del Oriente del Atl\u00e1ntico (CEO), en cabeza de su director ejecutivo, Efra\u00edn Cepeda Tarud, entreg\u00f3 al gobernador Eduardo Verano un reconocimiento por &#8216;su contribuci\u00f3n al desarrollo metropolitano del departamento durante su administraci\u00f3n, con visi\u00f3n de futuro y enfoque regional, mejorando la calidad de vida de sus habitantes&#8217;.<\/p>\n\n\n\n<ul class=\"wp-block-gallery columns-2 is-cropped wp-block-gallery-1 is-layout-flex\"><li class=\"blocks-gallery-item\"><figure><img decoding=\"async\" loading=\"lazy\" width=\"1024\" height=\"682\" src=\"http:\/\/malamboradio.com\/web\/wp-content\/uploads\/2019\/11\/WhatsApp-Image-2019-11-14-at-20.08.57-1-1024x682.jpeg\" alt=\"\" data-id=\"64801\" data-link=\"http:\/\/malamboradio.com\/web\/?attachment_id=64801\" class=\"wp-image-64801\" srcset=\"https:\/\/malamboradio.com\/web\/wp-content\/uploads\/2019\/11\/WhatsApp-Image-2019-11-14-at-20.08.57-1-1024x682.jpeg 1024w, https:\/\/malamboradio.com\/web\/wp-content\/uploads\/2019\/11\/WhatsApp-Image-2019-11-14-at-20.08.57-1-300x200.jpeg 300w, https:\/\/malamboradio.com\/web\/wp-content\/uploads\/2019\/11\/WhatsApp-Image-2019-11-14-at-20.08.57-1-768x512.jpeg 768w, https:\/\/malamboradio.com\/web\/wp-content\/uploads\/2019\/11\/WhatsApp-Image-2019-11-14-at-20.08.57-1-580x387.jpeg 580w, https:\/\/malamboradio.com\/web\/wp-content\/uploads\/2019\/11\/WhatsApp-Image-2019-11-14-at-20.08.57-1-860x573.jpeg 860w, https:\/\/malamboradio.com\/web\/wp-content\/uploads\/2019\/11\/WhatsApp-Image-2019-11-14-at-20.08.57-1-1160x773.jpeg 1160w, https:\/\/malamboradio.com\/web\/wp-content\/uploads\/2019\/11\/WhatsApp-Image-2019-11-14-at-20.08.57-1.jpeg 1280w\" sizes=\"(max-width: 1024px) 100vw, 1024px\" \/><\/figure><\/li><li class=\"blocks-gallery-item\"><figure><img decoding=\"async\" loading=\"lazy\" width=\"1024\" height=\"682\" src=\"http:\/\/malamboradio.com\/web\/wp-content\/uploads\/2019\/11\/WhatsApp-Image-2019-11-14-at-20.08.57-1024x682.jpeg\" alt=\"\" data-id=\"64802\" data-link=\"http:\/\/malamboradio.com\/web\/?attachment_id=64802\" class=\"wp-image-64802\" srcset=\"https:\/\/malamboradio.com\/web\/wp-content\/uploads\/2019\/11\/WhatsApp-Image-2019-11-14-at-20.08.57-1024x682.jpeg 1024w, https:\/\/malamboradio.com\/web\/wp-content\/uploads\/2019\/11\/WhatsApp-Image-2019-11-14-at-20.08.57-300x200.jpeg 300w, https:\/\/malamboradio.com\/web\/wp-content\/uploads\/2019\/11\/WhatsApp-Image-2019-11-14-at-20.08.57-768x512.jpeg 768w, https:\/\/malamboradio.com\/web\/wp-content\/uploads\/2019\/11\/WhatsApp-Image-2019-11-14-at-20.08.57-580x387.jpeg 580w, https:\/\/malamboradio.com\/web\/wp-content\/uploads\/2019\/11\/WhatsApp-Image-2019-11-14-at-20.08.57-860x573.jpeg 860w, https:\/\/malamboradio.com\/web\/wp-content\/uploads\/2019\/11\/WhatsApp-Image-2019-11-14-at-20.08.57-1160x773.jpeg 1160w, https:\/\/malamboradio.com\/web\/wp-content\/uploads\/2019\/11\/WhatsApp-Image-2019-11-14-at-20.08.57.jpeg 1280w\" sizes=\"(max-width: 1024px) 100vw, 1024px\" \/><\/figure><\/li><\/ul>\n\n\n\n<p><strong>ASESOR\u00cdA DE COMUNICACIONES<\/strong><br><strong>GOBERNACI\u00d3N DEL ATL\u00c1NTICO<\/strong><\/p>\n","protected":false},"excerpt":{"rendered":"<p>El gobernador Eduardo Verano de la Rosa present\u00f3, por primera vez, un adelanto del estudio que realiza actualmente la firma internacional Bjarke Ingels Group (BIG), encargada de asesorar la planeaci\u00f3n ordenada de la expansi\u00f3n territorial de 16.000 hect\u00e1reas que hay entre la Circunvalar actual y la segunda Circunvalar (Circunvalar de la Prosperidad), la cual une&#8230;<\/p>\n","protected":false},"author":1,"featured_media":64801,"comment_status":"open","ping_status":"open","sticky":false,"template":"","format":"standard","meta":[],"categories":[1],"tags":[],"jetpack_sharing_enabled":true,"jetpack_featured_media_url":"https:\/\/malamboradio.com\/web\/wp-content\/uploads\/2019\/11\/WhatsApp-Image-2019-11-14-at-20.08.57-1.jpeg","_links":{"self":[{"href":"https:\/\/malamboradio.com\/web\/wp-json\/wp\/v2\/posts\/64795"}],"collection":[{"href":"https:\/\/malamboradio.com\/web\/wp-json\/wp\/v2\/posts"}],"about":[{"href":"https:\/\/malamboradio.com\/web\/wp-json\/wp\/v2\/types\/post"}],"author":[{"embeddable":true,"href":"https:\/\/malamboradio.com\/web\/wp-json\/wp\/v2\/users\/1"}],"replies":[{"embeddable":true,"href":"https:\/\/malamboradio.com\/web\/wp-json\/wp\/v2\/comments?post=64795"}],"version-history":[{"count":1,"href":"https:\/\/malamboradio.com\/web\/wp-json\/wp\/v2\/posts\/64795\/revisions"}],"predecessor-version":[{"id":64804,"href":"https:\/\/malamboradio.com\/web\/wp-json\/wp\/v2\/posts\/64795\/revisions\/64804"}],"wp:featuredmedia":[{"embeddable":true,"href":"https:\/\/malamboradio.com\/web\/wp-json\/wp\/v2\/media\/64801"}],"wp:attachment":[{"href":"https:\/\/malamboradio.com\/web\/wp-json\/wp\/v2\/media?parent=64795"}],"wp:term":[{"taxonomy":"category","embeddable":true,"href":"https:\/\/malamboradio.com\/web\/wp-json\/wp\/v2\/categories?post=64795"},{"taxonomy":"post_tag","embeddable":true,"href":"https:\/\/malamboradio.com\/web\/wp-json\/wp\/v2\/tags?post=64795"}],"curies":[{"name":"wp","href":"https:\/\/api.w.org\/{rel}","templated":true}]}}