{"id":64402,"date":"2019-11-14T15:37:08","date_gmt":"2019-11-14T15:37:08","guid":{"rendered":"http:\/\/malamboradio.com\/web\/?p=64402"},"modified":"2019-11-14T15:37:09","modified_gmt":"2019-11-14T15:37:09","slug":"mataron-de-una-punalada-en-el-cuello-a-hombre-que-se-opuso-a-un-atraco-en-soledad","status":"publish","type":"post","link":"https:\/\/malamboradio.com\/web\/2019\/11\/14\/mataron-de-una-punalada-en-el-cuello-a-hombre-que-se-opuso-a-un-atraco-en-soledad\/","title":{"rendered":"Mataron de una pu\u00f1alada en el cuello a hombre que se opuso a un atraco en Soledad"},"content":{"rendered":"\n<p>Es el s\u00e9ptimo homicidio en 9 d\u00edas.<\/p>\n\n\n\n<p>Un hecho lamentable se present\u00f3 poco antes de las 6 de la ma\u00f1ana de este jueves en el municipio de Soledad. Un hombre, de 50 a\u00f1os, fue asesinado de una pu\u00f1alada en el cuello cuando se opuso a un atraco.<\/p>\n\n\n\n<p>Los hechos, seg\u00fan el reporte de la Polic\u00eda, ocurrieron a las 5:30 de la ma\u00f1ana en la calle 69 con carrera 18, barrio Villa Valery, donde Marcial De Jes\u00fas Beltr\u00e1n Mart\u00ednez&nbsp;se opuso a un atraco y el delincuente en represalia le propin\u00f3 la mortal herida.<\/p>\n\n\n\n<p>La v\u00edctima fue auxiliada y llevada a la Cl\u00ednica de Los Almendros, donde se produjo su deceso.<\/p>\n\n\n\n<p>La Polic\u00eda trata de dar con el paradero del ladr\u00f3n.<\/p>\n\n\n\n<p>Este es el s\u00e9ptimo homicidio que ocurre en nueve d\u00edas en Soledad. Los otros seis han sido por arma de fuego bajo la modalidad de sicariato.<\/p>\n","protected":false},"excerpt":{"rendered":"<p>Es el s\u00e9ptimo homicidio en 9 d\u00edas. Un hecho lamentable se present\u00f3 poco antes de las 6 de la ma\u00f1ana de este jueves en el municipio de Soledad. Un hombre, de 50 a\u00f1os, fue asesinado de una pu\u00f1alada en el cuello cuando se opuso a un atraco. Los hechos, seg\u00fan el reporte de la Polic\u00eda,&#8230;<\/p>\n","protected":false},"author":1,"featured_media":64407,"comment_status":"open","ping_status":"open","sticky":false,"template":"","format":"standard","meta":[],"categories":[1],"tags":[],"jetpack_sharing_enabled":true,"jetpack_featured_media_url":"https:\/\/malamboradio.com\/web\/wp-content\/uploads\/2019\/11\/clinica_los_almendros.jpeg","_links":{"self":[{"href":"https:\/\/malamboradio.com\/web\/wp-json\/wp\/v2\/posts\/64402"}],"collection":[{"href":"https:\/\/malamboradio.com\/web\/wp-json\/wp\/v2\/posts"}],"about":[{"href":"https:\/\/malamboradio.com\/web\/wp-json\/wp\/v2\/types\/post"}],"author":[{"embeddable":true,"href":"https:\/\/malamboradio.com\/web\/wp-json\/wp\/v2\/users\/1"}],"replies":[{"embeddable":true,"href":"https:\/\/malamboradio.com\/web\/wp-json\/wp\/v2\/comments?post=64402"}],"version-history":[{"count":1,"href":"https:\/\/malamboradio.com\/web\/wp-json\/wp\/v2\/posts\/64402\/revisions"}],"predecessor-version":[{"id":64408,"href":"https:\/\/malamboradio.com\/web\/wp-json\/wp\/v2\/posts\/64402\/revisions\/64408"}],"wp:featuredmedia":[{"embeddable":true,"href":"https:\/\/malamboradio.com\/web\/wp-json\/wp\/v2\/media\/64407"}],"wp:attachment":[{"href":"https:\/\/malamboradio.com\/web\/wp-json\/wp\/v2\/media?parent=64402"}],"wp:term":[{"taxonomy":"category","embeddable":true,"href":"https:\/\/malamboradio.com\/web\/wp-json\/wp\/v2\/categories?post=64402"},{"taxonomy":"post_tag","embeddable":true,"href":"https:\/\/malamboradio.com\/web\/wp-json\/wp\/v2\/tags?post=64402"}],"curies":[{"name":"wp","href":"https:\/\/api.w.org\/{rel}","templated":true}]}}