{"id":64195,"date":"2019-11-13T11:39:35","date_gmt":"2019-11-13T11:39:35","guid":{"rendered":"http:\/\/malamboradio.com\/web\/?p=64195"},"modified":"2019-11-13T11:39:37","modified_gmt":"2019-11-13T11:39:37","slug":"atlanticoliderenobras-verano-pone-en-marcha-obras-en-via-la-azucena-para-la-competitividad-del-norte-del-atlantico","status":"publish","type":"post","link":"https:\/\/malamboradio.com\/web\/2019\/11\/13\/atlanticoliderenobras-verano-pone-en-marcha-obras-en-via-la-azucena-para-la-competitividad-del-norte-del-atlantico\/","title":{"rendered":"#Atl\u00e1nticoL\u00edderEnObras: Verano pone en marcha obras en v\u00eda La Azucena, para la competitividad del norte del Atl\u00e1ntico"},"content":{"rendered":"\n<p>La Gobernaci\u00f3n del Atl\u00e1ntico invierte $15.243 millones en esta v\u00eda rural que se complementa con el macroproyecto vial El Cerrito-Hib\u00e1charo, para acercar el \u00e1rea productiva de los municipios del norte del departamento con la Autopista al Mar.<\/p>\n\n\n\n<p>Juan de Acosta (Atl\u00e1ntico), 11 de noviembre de 2019. Durante los cuatro a\u00f1os de la administraci\u00f3n del gobernador Eduardo Verano de la Rosa, el Atl\u00e1ntico se ha convertido en el departamento mejor interconectado del pa\u00eds, gracias a la construcci\u00f3n de 120 kil\u00f3metros de nuevas v\u00edas secundarias y terciarias.<\/p>\n\n\n\n<p>La revoluci\u00f3n de la infraestructura vial contin\u00faa: el mandatario de los atlanticenses puso en marcha las obras de mejoramiento de la v\u00eda rural La Azucena, que en 6,7 kil\u00f3metros comunica la Autopista al Mar con la ye de Pioj\u00f3, con una inversi\u00f3n total de $15.243 millones.<\/p>\n\n\n\n<p>Hoy, durante el acto de primera piedra del proyecto, Verano del Rosa resalt\u00f3 que la zona beneficiada es de gran desarrollo agropecuario para el departamento.<\/p>\n\n\n\n<p>\u201cEste sector requiere de v\u00edas adecuadas y seguras para el transporte de los productos, de sus habitantes y trabajadores de las fincas y parcelas. Con este tipo de obras seguimos liderando la transformaci\u00f3n del Atl\u00e1ntico para hacerlo m\u00e1s competitivo y generar desarrollo para una mejor calidad de vida de nuestra gente\u201d, destac\u00f3 el gobernador.<\/p>\n\n\n\n<p>La nueva v\u00eda est\u00e1 localizada al noroccidente del departamento e interconecta los municipios de Juan de Acosta y Pioj\u00f3 en su zona rural, desde la Autopista al Mar (kil\u00f3metro 67) hasta la carretera del Algod\u00f3n, y de ah\u00ed con la prolongaci\u00f3n hacia Tubar\u00e1 y el distrito de Barranquilla.<\/p>\n\n\n\n<p>El plan de la obra contempla la demolici\u00f3n de 22 estructuras existentes (box culvert y puentes) por estar en mal estado o no cumplir con las especificaciones del proyecto, en lo concerniente a la capacidad hidr\u00e1ulica y\/o al ancho de la v\u00eda a construir.  <\/p>\n\n\n\n<p>\u201cEn la v\u00eda trazada actualmente se har\u00e1 una rehabilitaci\u00f3n con pavimento flexible en toda su extensi\u00f3n y contempla la construcci\u00f3n de las obras de drenaje, correspondientes a 22 estructuras que incluye un puente de 20 metros, 20 box culvert y 3.542 metros lineales de cunetas\u201d, coment\u00f3 la secretaria de Infraestructura del Atl\u00e1ntico, Mercedes Mu\u00f1oz.<\/p>\n\n\n\n<p>La nueva v\u00eda tendr\u00e1 un ancho de calzada de 6 metros, con 50 cent\u00edmetros de berma a cada lado. El nuevo puente que se construir\u00e1 ser\u00e1 de 20 metros de luz y estar\u00e1 soportado sobre estribos cimentados sobre pilotes, reemplazando la estructura actual que fue construida hace 50 a\u00f1os y que presenta socavaci\u00f3n a los costados, adem\u00e1s de no cumplir con las especificaciones del c\u00f3digo nacional de puentes.<\/p>\n\n\n\n<p>\u201cLas curvas pronunciadas del camino actual se van a mejorar para garantizar la seguridad de quienes transitar\u00e1n en la nueva v\u00eda, con dise\u00f1o geom\u00e9trico de curvas horizontales\u201d, agreg\u00f3 la funcionaria.<\/p>\n\n\n\n<p>Los habitantes de las fincas y parcelas cerca a la v\u00eda est\u00e1n felices con la soluci\u00f3n vial que se les va a entregar. \u201cEs una obra maravillosa porque va a permitir a los propietarios de fincas, campesinos y peque\u00f1os productores sacar sus cosechas, lo que va a hacer que se desarrolle econ\u00f3micamente la zona.  Adem\u00e1s, es un impulso tambi\u00e9n a la vocaci\u00f3n tur\u00edstica de esta \u00e1rea del departamento al interconectarnos con la Autopista al Mar\u201d, dijo Jairo Jim\u00e9nez, propietario de una finca en Juan de Acosta.<\/p>\n\n\n\n<p>Royber Ramos Utria, propietario de una fina en la vereda Media Luna, explic\u00f3 son muchos los beneficios, especialmente en la movilidad, que traer\u00e1 esta v\u00eda cuando est\u00e9 completamente rehabilitada.<\/p>\n\n\n\n<p>\u201cActualmente nos movemos en una trocha que apenas si permite que pasen burros y caballos porque est\u00e1 en muy mal estado, y cuando es \u00e9poca de lluvia es imposible pasar por tanto barro y huecos, pero ahora que est\u00e9 totalmente asfaltada va a ser una v\u00eda de mucha importancia para nosotros.\u201d, expres\u00f3.<\/p>\n\n\n\n<p>V\u00cdAS PARA EL PROGRESO<\/p>\n\n\n\n<p>La v\u00eda La Azucena se complementa con el macroproyecto vial El Cerrito-Hib\u00e1charo y hacen parte la soluci\u00f3n vial que el gobernador Eduardo Verano impulsa para acercar el \u00e1rea productiva de los municipios del norte del departamento con la Autopista al Mar.<\/p>\n\n\n\n<p>Con 14 kil\u00f3metros de extensi\u00f3n (dos veces la V\u00eda 40 de Barranquilla), la v\u00eda El Cerrito \u2013 Hib\u00e1charo, corregimientos del municipio de Pioj\u00f3, tendr\u00e1 gran impacto interdepartamental con un perfil tur\u00edstico. En esta obra se invertir\u00e1n $30.000 millones y brindar\u00e1 beneficios a las comunicaciones de los departamentos de Atl\u00e1ntico y Bol\u00edvar.<\/p>\n\n\n\n<p>Contar\u00e1 con dos calzadas, cada una con 3 metros de ancho, dos bermas de 50 cm cada una y 49 unidades de box culverts, permitiendo a los piojoneros trasladarse de forma m\u00e1s r\u00e1pida y transportar sus cultivos como ma\u00edz guayabas, hortalizas, yuca, pl\u00e1tanos, entre otros.<\/p>\n\n\n\n<p>Estos proyectos viales hacer parte de las 400 obras que lleva a cabo el gobernador Eduardo Verano de la Rosa, como parte de su Plan de Desarrollo \u2018Atl\u00e1ntico L\u00edder\u2019 2016-2019.<\/p>\n\n\n\n<ul class=\"wp-block-gallery columns-3 is-cropped wp-block-gallery-1 is-layout-flex\"><li class=\"blocks-gallery-item\"><figure><img decoding=\"async\" loading=\"lazy\" width=\"1024\" height=\"682\" src=\"http:\/\/malamboradio.com\/web\/wp-content\/uploads\/2019\/11\/WhatsApp-Image-2019-11-11-at-21.29.06-1024x682.jpeg\" alt=\"\" data-id=\"64196\" data-link=\"http:\/\/malamboradio.com\/web\/?attachment_id=64196\" class=\"wp-image-64196\" srcset=\"https:\/\/malamboradio.com\/web\/wp-content\/uploads\/2019\/11\/WhatsApp-Image-2019-11-11-at-21.29.06-1024x682.jpeg 1024w, https:\/\/malamboradio.com\/web\/wp-content\/uploads\/2019\/11\/WhatsApp-Image-2019-11-11-at-21.29.06-300x200.jpeg 300w, https:\/\/malamboradio.com\/web\/wp-content\/uploads\/2019\/11\/WhatsApp-Image-2019-11-11-at-21.29.06-768x512.jpeg 768w, https:\/\/malamboradio.com\/web\/wp-content\/uploads\/2019\/11\/WhatsApp-Image-2019-11-11-at-21.29.06-580x387.jpeg 580w, https:\/\/malamboradio.com\/web\/wp-content\/uploads\/2019\/11\/WhatsApp-Image-2019-11-11-at-21.29.06-860x573.jpeg 860w, https:\/\/malamboradio.com\/web\/wp-content\/uploads\/2019\/11\/WhatsApp-Image-2019-11-11-at-21.29.06-1160x773.jpeg 1160w, https:\/\/malamboradio.com\/web\/wp-content\/uploads\/2019\/11\/WhatsApp-Image-2019-11-11-at-21.29.06.jpeg 1280w\" sizes=\"(max-width: 1024px) 100vw, 1024px\" \/><\/figure><\/li><li class=\"blocks-gallery-item\"><figure><img decoding=\"async\" loading=\"lazy\" width=\"1024\" height=\"768\" src=\"http:\/\/malamboradio.com\/web\/wp-content\/uploads\/2019\/11\/WhatsApp-Image-2019-11-11-at-21.29.07-1-1024x768.jpeg\" alt=\"\" data-id=\"64197\" data-link=\"http:\/\/malamboradio.com\/web\/?attachment_id=64197\" class=\"wp-image-64197\" srcset=\"https:\/\/malamboradio.com\/web\/wp-content\/uploads\/2019\/11\/WhatsApp-Image-2019-11-11-at-21.29.07-1-1024x768.jpeg 1024w, https:\/\/malamboradio.com\/web\/wp-content\/uploads\/2019\/11\/WhatsApp-Image-2019-11-11-at-21.29.07-1-300x225.jpeg 300w, https:\/\/malamboradio.com\/web\/wp-content\/uploads\/2019\/11\/WhatsApp-Image-2019-11-11-at-21.29.07-1-768x576.jpeg 768w, https:\/\/malamboradio.com\/web\/wp-content\/uploads\/2019\/11\/WhatsApp-Image-2019-11-11-at-21.29.07-1-580x435.jpeg 580w, https:\/\/malamboradio.com\/web\/wp-content\/uploads\/2019\/11\/WhatsApp-Image-2019-11-11-at-21.29.07-1-860x645.jpeg 860w, https:\/\/malamboradio.com\/web\/wp-content\/uploads\/2019\/11\/WhatsApp-Image-2019-11-11-at-21.29.07-1-1160x870.jpeg 1160w, https:\/\/malamboradio.com\/web\/wp-content\/uploads\/2019\/11\/WhatsApp-Image-2019-11-11-at-21.29.07-1.jpeg 1280w\" sizes=\"(max-width: 1024px) 100vw, 1024px\" \/><\/figure><\/li><li class=\"blocks-gallery-item\"><figure><img decoding=\"async\" loading=\"lazy\" width=\"1024\" height=\"682\" src=\"http:\/\/malamboradio.com\/web\/wp-content\/uploads\/2019\/11\/WhatsApp-Image-2019-11-11-at-21.29.07-1024x682.jpeg\" alt=\"\" data-id=\"64198\" data-link=\"http:\/\/malamboradio.com\/web\/?attachment_id=64198\" class=\"wp-image-64198\" srcset=\"https:\/\/malamboradio.com\/web\/wp-content\/uploads\/2019\/11\/WhatsApp-Image-2019-11-11-at-21.29.07-1024x682.jpeg 1024w, https:\/\/malamboradio.com\/web\/wp-content\/uploads\/2019\/11\/WhatsApp-Image-2019-11-11-at-21.29.07-300x200.jpeg 300w, https:\/\/malamboradio.com\/web\/wp-content\/uploads\/2019\/11\/WhatsApp-Image-2019-11-11-at-21.29.07-768x512.jpeg 768w, https:\/\/malamboradio.com\/web\/wp-content\/uploads\/2019\/11\/WhatsApp-Image-2019-11-11-at-21.29.07-580x387.jpeg 580w, https:\/\/malamboradio.com\/web\/wp-content\/uploads\/2019\/11\/WhatsApp-Image-2019-11-11-at-21.29.07-860x573.jpeg 860w, https:\/\/malamboradio.com\/web\/wp-content\/uploads\/2019\/11\/WhatsApp-Image-2019-11-11-at-21.29.07-1160x773.jpeg 1160w, https:\/\/malamboradio.com\/web\/wp-content\/uploads\/2019\/11\/WhatsApp-Image-2019-11-11-at-21.29.07.jpeg 1280w\" sizes=\"(max-width: 1024px) 100vw, 1024px\" \/><\/figure><\/li><\/ul>\n\n\n\n<p>ASESOR\u00cdA DE COMUNICACIONES<br>\nGOBERNACI\u00d3N DEL ATL\u00c1NTICO<\/p>\n","protected":false},"excerpt":{"rendered":"<p>La Gobernaci\u00f3n del Atl\u00e1ntico invierte $15.243 millones en esta v\u00eda rural que se complementa con el macroproyecto vial El Cerrito-Hib\u00e1charo, para acercar el \u00e1rea productiva de los municipios del norte del departamento con la Autopista al Mar. Juan de Acosta (Atl\u00e1ntico), 11 de noviembre de 2019. Durante los cuatro a\u00f1os de la administraci\u00f3n del gobernador&#8230;<\/p>\n","protected":false},"author":1,"featured_media":64198,"comment_status":"open","ping_status":"open","sticky":false,"template":"","format":"standard","meta":[],"categories":[1],"tags":[],"jetpack_sharing_enabled":true,"jetpack_featured_media_url":"https:\/\/malamboradio.com\/web\/wp-content\/uploads\/2019\/11\/WhatsApp-Image-2019-11-11-at-21.29.07.jpeg","_links":{"self":[{"href":"https:\/\/malamboradio.com\/web\/wp-json\/wp\/v2\/posts\/64195"}],"collection":[{"href":"https:\/\/malamboradio.com\/web\/wp-json\/wp\/v2\/posts"}],"about":[{"href":"https:\/\/malamboradio.com\/web\/wp-json\/wp\/v2\/types\/post"}],"author":[{"embeddable":true,"href":"https:\/\/malamboradio.com\/web\/wp-json\/wp\/v2\/users\/1"}],"replies":[{"embeddable":true,"href":"https:\/\/malamboradio.com\/web\/wp-json\/wp\/v2\/comments?post=64195"}],"version-history":[{"count":1,"href":"https:\/\/malamboradio.com\/web\/wp-json\/wp\/v2\/posts\/64195\/revisions"}],"predecessor-version":[{"id":64199,"href":"https:\/\/malamboradio.com\/web\/wp-json\/wp\/v2\/posts\/64195\/revisions\/64199"}],"wp:featuredmedia":[{"embeddable":true,"href":"https:\/\/malamboradio.com\/web\/wp-json\/wp\/v2\/media\/64198"}],"wp:attachment":[{"href":"https:\/\/malamboradio.com\/web\/wp-json\/wp\/v2\/media?parent=64195"}],"wp:term":[{"taxonomy":"category","embeddable":true,"href":"https:\/\/malamboradio.com\/web\/wp-json\/wp\/v2\/categories?post=64195"},{"taxonomy":"post_tag","embeddable":true,"href":"https:\/\/malamboradio.com\/web\/wp-json\/wp\/v2\/tags?post=64195"}],"curies":[{"name":"wp","href":"https:\/\/api.w.org\/{rel}","templated":true}]}}