{"id":62432,"date":"2019-11-10T18:33:41","date_gmt":"2019-11-10T18:33:41","guid":{"rendered":"http:\/\/malamboradio.com\/web\/?p=62432"},"modified":"2019-11-10T18:33:43","modified_gmt":"2019-11-10T18:33:43","slug":"fechas-para-encender-arbol-de-navidad-pantallas-con-jugadores-de-junior-e-inauguracion-de-la-aleta-de-tiburon","status":"publish","type":"post","link":"https:\/\/malamboradio.com\/web\/2019\/11\/10\/fechas-para-encender-arbol-de-navidad-pantallas-con-jugadores-de-junior-e-inauguracion-de-la-aleta-de-tiburon\/","title":{"rendered":"Fechas para encender \u00e1rbol de Navidad, pantallas con jugadores de Junior e inauguraci\u00f3n de la &#8216;Aleta de Tibur\u00f3n&#8217;"},"content":{"rendered":"\n<p>Las anunci\u00f3 el empresario Christian Daes.<\/p>\n\n\n\n<p><strong>Christian Daes, COO de Tecnoglass<\/strong>, revel\u00f3 en las \u00faltimas horas las fechas en las que la prender\u00e1n el \u00e1rbol de Navidad m\u00e1s grande del pa\u00eds, las pantallas para sacarse fotos con los jugadores de Junior y la de la inauguraci\u00f3n de la &#8216;<em>Aleta de Tibur\u00f3n&#8217;.<\/em><\/p>\n\n\n\n<p>El empresario barranquillero hizo el anuncio del cronograma en su cuenta oficial de Twitter.<em>&nbsp;&#8220;Tres promesas que vamos a cumplir&#8221;<\/em>, puntualiz\u00f3 Daes.<\/p>\n\n\n\n<p>Del \u00e1rbol de Navidad, que estar\u00e1 ubicado al lado del monumento de la&nbsp;<strong>Ventana al Mundo,<\/strong>&nbsp;indic\u00f3 que ser\u00e1 encendido el pr\u00f3ximo 27 de noviembre.<\/p>\n\n\n\n<p>Afirm\u00f3 que ser\u00e1 el \u00e1rbol de Navidad m\u00e1s grande y hermoso de Colombia. De hecho, hace varios d\u00edas lleg\u00f3 la extensi\u00f3n de 12 metros para la estructura y la d\u00e9cima estrella de Junior, si la consigue en el presente torneo.<\/p>\n\n\n\n<p>El \u00e1rbol de Navidad fue sensaci\u00f3n el a\u00f1o anterior. Miles de visitantes disfrutaron de este y la Ventana al Mundo a la vez. Adem\u00e1s, se visti\u00f3 de rojiblanco cuando Junior consigui\u00f3 la octava estrella.<\/p>\n\n\n\n<p>Otra de las novedades que tendr\u00e1 la ciudad son las pantallas con los jugadores de Junior. Los hinchas se podr\u00e1n tomar una foto con sus \u00eddolos gracias a esta tecnolog\u00eda.<\/p>\n\n\n\n<p>En un principio, se hab\u00eda indicado que estos aparatos iban a estar ubicados en la rotonda de la &#8216;Aleta de Tibur\u00f3n&#8217;, sin embargo, el mismo Christian Daes anunci\u00f3 que las pantallas ser\u00e1n prendidas el 2 de diciembre.<\/p>\n\n\n\n<p>Estas pantallas junioristas estar\u00e1n en tres lugares que son visitados frecuentemente por los barranquilleros. Una en el Centro Comercial Buenavista, otra en el Centro Comercial Portal del Prado y otra al lado del \u00e1rbol de Navidad, en la rotonda de la Ventana al Mundo.<\/p>\n\n\n\n<p>La tercera noticia que entreg\u00f3 el COO de Tecnoglass, fue sobre la inauguraci\u00f3n del monumento &#8216;Aleta de Tibur\u00f3n&#8217; o tambi\u00e9n conocido como &#8216;Ventana de Campeones&#8217;.<\/p>\n\n\n\n<p>Este homenaje juniorista ser\u00e1 inaugurado el pr\u00f3ximo 15 de marzo de 2020. Recordemos que estar\u00e1 ubicado en la rotonda que empalma con el puente levadizo que conectar\u00e1 con el Gran Malec\u00f3n del R\u00edo Magdalena.<\/p>\n\n\n\n<p>Recordemos que en unos a\u00f1os esta zona de la ciudad ser\u00e1 la m\u00e1s visitada por los barranquilleros. Tendr\u00e1 un cambio rotundo y adem\u00e1s, contar\u00e1 con la<em>\u00a0&#8216;Aleta de Tibur\u00f3n&#8217;<\/em>.<\/p>\n\n\n\n<ul class=\"wp-block-gallery columns-1 is-cropped wp-block-gallery-1 is-layout-flex\"><li class=\"blocks-gallery-item\"><figure><img decoding=\"async\" loading=\"lazy\" width=\"592\" height=\"446\" src=\"http:\/\/malamboradio.com\/web\/wp-content\/uploads\/2019\/11\/daes_y_cronograma.png\" alt=\"\" data-id=\"62435\" data-link=\"http:\/\/malamboradio.com\/web\/?attachment_id=62435\" class=\"wp-image-62435\" srcset=\"https:\/\/malamboradio.com\/web\/wp-content\/uploads\/2019\/11\/daes_y_cronograma.png 592w, https:\/\/malamboradio.com\/web\/wp-content\/uploads\/2019\/11\/daes_y_cronograma-300x226.png 300w, https:\/\/malamboradio.com\/web\/wp-content\/uploads\/2019\/11\/daes_y_cronograma-580x437.png 580w\" sizes=\"(max-width: 592px) 100vw, 592px\" \/><\/figure><\/li><\/ul>\n","protected":false},"excerpt":{"rendered":"<p>Las anunci\u00f3 el empresario Christian Daes. Christian Daes, COO de Tecnoglass, revel\u00f3 en las \u00faltimas horas las fechas en las que la prender\u00e1n el \u00e1rbol de Navidad m\u00e1s grande del pa\u00eds, las pantallas para sacarse fotos con los jugadores de Junior y la de la inauguraci\u00f3n de la &#8216;Aleta de Tibur\u00f3n&#8217;. El empresario barranquillero hizo&#8230;<\/p>\n","protected":false},"author":1,"featured_media":62436,"comment_status":"open","ping_status":"open","sticky":false,"template":"","format":"standard","meta":[],"categories":[1],"tags":[],"jetpack_sharing_enabled":true,"jetpack_featured_media_url":"https:\/\/malamboradio.com\/web\/wp-content\/uploads\/2019\/11\/arbol_y_aleta.jpg","_links":{"self":[{"href":"https:\/\/malamboradio.com\/web\/wp-json\/wp\/v2\/posts\/62432"}],"collection":[{"href":"https:\/\/malamboradio.com\/web\/wp-json\/wp\/v2\/posts"}],"about":[{"href":"https:\/\/malamboradio.com\/web\/wp-json\/wp\/v2\/types\/post"}],"author":[{"embeddable":true,"href":"https:\/\/malamboradio.com\/web\/wp-json\/wp\/v2\/users\/1"}],"replies":[{"embeddable":true,"href":"https:\/\/malamboradio.com\/web\/wp-json\/wp\/v2\/comments?post=62432"}],"version-history":[{"count":1,"href":"https:\/\/malamboradio.com\/web\/wp-json\/wp\/v2\/posts\/62432\/revisions"}],"predecessor-version":[{"id":62437,"href":"https:\/\/malamboradio.com\/web\/wp-json\/wp\/v2\/posts\/62432\/revisions\/62437"}],"wp:featuredmedia":[{"embeddable":true,"href":"https:\/\/malamboradio.com\/web\/wp-json\/wp\/v2\/media\/62436"}],"wp:attachment":[{"href":"https:\/\/malamboradio.com\/web\/wp-json\/wp\/v2\/media?parent=62432"}],"wp:term":[{"taxonomy":"category","embeddable":true,"href":"https:\/\/malamboradio.com\/web\/wp-json\/wp\/v2\/categories?post=62432"},{"taxonomy":"post_tag","embeddable":true,"href":"https:\/\/malamboradio.com\/web\/wp-json\/wp\/v2\/tags?post=62432"}],"curies":[{"name":"wp","href":"https:\/\/api.w.org\/{rel}","templated":true}]}}