{"id":61803,"date":"2019-11-07T16:57:19","date_gmt":"2019-11-07T16:57:19","guid":{"rendered":"http:\/\/malamboradio.com\/web\/?p=61803"},"modified":"2019-11-07T16:57:20","modified_gmt":"2019-11-07T16:57:20","slug":"fallecio-veterano-actor-colombiano-fabio-camero-a-los-84-anos","status":"publish","type":"post","link":"https:\/\/malamboradio.com\/web\/2019\/11\/07\/fallecio-veterano-actor-colombiano-fabio-camero-a-los-84-anos\/","title":{"rendered":"Falleci\u00f3 veterano actor colombiano Fabio Camero a los 84 a\u00f1os"},"content":{"rendered":"\n<p>Ten\u00eda una afecci\u00f3n pulmonar.<\/p>\n\n\n\n<p>Falleci\u00f3 en Bogot\u00e1 el veterano actor Fabio Camero, debido a una afecci\u00f3n pulmonar&nbsp;que lo mantuvo por varios d\u00edas hospitalizado en una cl\u00ednica. Ten\u00eda 84 a\u00f1os.<\/p>\n\n\n\n<p>Camero, que comenz\u00f3 a actuar en radionovelas colombianas de desde los 14 a\u00f1os, se hab\u00eda retirado de la televisi\u00f3n en el 2017.<\/p>\n\n\n\n<p>Durante sus casi 70 a\u00f1os de experiencia dio vida a numerosos personajes en al menos 50 telenovelas.<\/p>\n\n\n\n<p>Adem\u00e1s fue director de varias seriados y telenovelas como Recordar\u00e1s mi nombre, La Marquesa de Yolomb\u00f3, El Caballero de Rauz\u00e1n, Entre Primos, Un largo camino, La Cosecha, entre otros.<\/p>\n\n\n\n<p>En una \u00faltima entrevista, en agosto pasado con La Red, dijo que<em>&nbsp;&#8220;actuar era f\u00e1cil, pero que ser actor es dif\u00edcil&#8221;.&nbsp;<\/em>Y habl\u00f3 que se retir\u00f3 de la actuaci\u00f3n por amor. Camero pas\u00f3 sus \u00faltimos d\u00edas rodeado de su familia.<\/p>\n","protected":false},"excerpt":{"rendered":"<p>Ten\u00eda una afecci\u00f3n pulmonar. Falleci\u00f3 en Bogot\u00e1 el veterano actor Fabio Camero, debido a una afecci\u00f3n pulmonar&nbsp;que lo mantuvo por varios d\u00edas hospitalizado en una cl\u00ednica. Ten\u00eda 84 a\u00f1os. Camero, que comenz\u00f3 a actuar en radionovelas colombianas de desde los 14 a\u00f1os, se hab\u00eda retirado de la televisi\u00f3n en el 2017. Durante sus casi 70&#8230;<\/p>\n","protected":false},"author":1,"featured_media":61804,"comment_status":"open","ping_status":"open","sticky":false,"template":"","format":"standard","meta":[],"categories":[1],"tags":[],"jetpack_sharing_enabled":true,"jetpack_featured_media_url":"https:\/\/malamboradio.com\/web\/wp-content\/uploads\/2019\/11\/fabio_camero_restrepo_0.png","_links":{"self":[{"href":"https:\/\/malamboradio.com\/web\/wp-json\/wp\/v2\/posts\/61803"}],"collection":[{"href":"https:\/\/malamboradio.com\/web\/wp-json\/wp\/v2\/posts"}],"about":[{"href":"https:\/\/malamboradio.com\/web\/wp-json\/wp\/v2\/types\/post"}],"author":[{"embeddable":true,"href":"https:\/\/malamboradio.com\/web\/wp-json\/wp\/v2\/users\/1"}],"replies":[{"embeddable":true,"href":"https:\/\/malamboradio.com\/web\/wp-json\/wp\/v2\/comments?post=61803"}],"version-history":[{"count":1,"href":"https:\/\/malamboradio.com\/web\/wp-json\/wp\/v2\/posts\/61803\/revisions"}],"predecessor-version":[{"id":61805,"href":"https:\/\/malamboradio.com\/web\/wp-json\/wp\/v2\/posts\/61803\/revisions\/61805"}],"wp:featuredmedia":[{"embeddable":true,"href":"https:\/\/malamboradio.com\/web\/wp-json\/wp\/v2\/media\/61804"}],"wp:attachment":[{"href":"https:\/\/malamboradio.com\/web\/wp-json\/wp\/v2\/media?parent=61803"}],"wp:term":[{"taxonomy":"category","embeddable":true,"href":"https:\/\/malamboradio.com\/web\/wp-json\/wp\/v2\/categories?post=61803"},{"taxonomy":"post_tag","embeddable":true,"href":"https:\/\/malamboradio.com\/web\/wp-json\/wp\/v2\/tags?post=61803"}],"curies":[{"name":"wp","href":"https:\/\/api.w.org\/{rel}","templated":true}]}}