{"id":53652,"date":"2019-09-13T02:02:19","date_gmt":"2019-09-13T02:02:19","guid":{"rendered":"http:\/\/malamboradio.com\/web\/?p=53652"},"modified":"2019-09-13T02:02:23","modified_gmt":"2019-09-13T02:02:23","slug":"el-atlantico-requiere-ayuda-especial-para-atender-embarazadas-venezolanas","status":"publish","type":"post","link":"https:\/\/malamboradio.com\/web\/2019\/09\/13\/el-atlantico-requiere-ayuda-especial-para-atender-embarazadas-venezolanas\/","title":{"rendered":"El Atl\u00e1ntico requiere ayuda especial para atender embarazadas venezolanas"},"content":{"rendered":"\n<p>El gobernador del Atl\u00e1ntico, Eduardo Verano de la Rosa, recorri\u00f3 el Hospital Ni\u00f1o Jes\u00fas, para constatar el plan de contingencia que implementa ese centro asistencial ante el aumento de atenci\u00f3n a embarazos de migrantes venezolanas, cuyos costos son asumidos en su totalidad por la Gobernaci\u00f3n.<\/p>\n\n\n\n<p>Seg\u00fan el reporte entregado por la Gerencia del hospital a la Secretar\u00eda de Salud del Atl\u00e1ntico, el 80 % de la capacidad instalada del hospital, para atenci\u00f3n de partos, est\u00e1 ocupada por esta poblaci\u00f3n. El Ni\u00f1o Jes\u00fas ha atendido 3.030 embarazadas venezolanas de enero a agosto de este a\u00f1o, 20 % de ellas menores de edad.<\/p>\n\n\n\n<p>Este hospital Departamental, especializado en maternidad, es el \u00fanico que no se niega a atender a venezolanos en el Atl\u00e1ntico, que es el tercer departamento que m\u00e1s atiende a estos ciudadanos en el pa\u00eds, despu\u00e9s de Norte de Santander y La Guajira, que son fronterizos, con una inversi\u00f3n de $21.000 millones en lo que va corrido de este a\u00f1o.<\/p>\n\n\n\n<p>&#8220;Lo m\u00e1s preocupante es el impacto en las finanzas de nuestros hospitales, llamamos nuevamente la atenci\u00f3n del Gobierno nacional para que nos d\u00e9 apoyo especial para seguir atendi\u00e9ndolos. Usamos recursos nuestros, reservados para atender colombianos, en la atenci\u00f3n de venezolanos y lo hacemos conscientemente, porque es cuesti\u00f3n de humanidad no los vamos a dejar en la calle, pero si requerimos que sea revisada la pol\u00edtica de fronteras, que no nos cubre a nosotros con recursos por no ser departamento fronterizo&#8221;, indic\u00f3 el gobernador Verano.<\/p>\n\n\n\n<p>El secretario de Salud del Atl\u00e1ntico, Armando de la Hoz, expres\u00f3 que ya se ha expuesto esta situaci\u00f3n ante el Ministerio de Salud y confirma que el posible colapso del sistema de atenci\u00f3n del Hospital Ni\u00f1o Jes\u00fas, por saturaci\u00f3n de migrantes, es pr\u00e1cticamente una realidad.<\/p>\n\n\n\n<p>&#8220;Estamos pendientes de organizar toda la informaci\u00f3n que llevaremos al Ministerio, en el Ni\u00f1o Jes\u00fas se ha duplicado la atenci\u00f3n, nuestra Secretar\u00eda lleva facturados $21 mil millones por concepto de m\u00faltiples atenciones a venezolanos en instituciones p\u00fablicas y privadas que no se pueden cubrir con los $1700 millones girados por el Gobierno nacional&#8221;, anot\u00f3 el secretario De la Hoz.<\/p>\n\n\n\n<p>El funcionario departamental record\u00f3 que a pesar de contar con los recursos para hacer los pagos la norma obliga a realizar las atenciones y despu\u00e9s resolver el pago de las mismas.<\/p>\n\n\n\n<p>La Secretar\u00eda de Salud del Atl\u00e1ntico anunci\u00f3 una contingencia con diferentes Empresas Sociales del Estado en el departamento que apoyan la situaci\u00f3n generada por la crisis migratoria, y adem\u00e1s, solicit\u00f3 soporte de toda la red privada y p\u00fablica, tal como exige el Ministerio de Salud Nacional.<\/p>\n\n\n\n<p>&#8220;El detrimento a la estructura financiera del Hospital Ni\u00f1o Jes\u00fas se ve acentuado por el porcentaje de consultas que se deja de atender a otras entidades que s\u00ed est\u00e1n pagando, como Mutual SER, Coosalud y Cajacopi, entre otras, que est\u00e1n en buen nivel de pago, y esto nos afecta en el recurso econ\u00f3mico de giro directo&#8221;, agreg\u00f3 De la Hoz.<\/p>\n\n\n\n<p>Actualmente hay m\u00e1s de 2000 mujeres embarazadas venezolanas registradas en el sistema de salud del departamento que reciben todas las garant\u00edas en la prestaci\u00f3n de servicios.<\/p>\n\n\n\n<p>La gerente del Hospital Ni\u00f1o Jes\u00fas, Karina Orozco G\u00f3mez, explic\u00f3 que el 20 % de las mujeres venezolanas que han dado a luz a sus hijos en ese centro asistencial son menores de edad, sin ning\u00fan control prenatal, lo que agudiza el problema debido a que los neonatos requieren de una Unidad de Cuidados Intensivos<\/p>\n\n\n\n<p>&#8220;Nuestra UCI tiene 42 camas, y a veces es insuficiente, pero estamos asumiendo esa carga que en ning\u00fan centro asistencial quieren atender. Otro hecho coyuntural es que, usualmente, en los meses de septiembre, octubre y noviembre aumentan los partos en el departamento, nueve meses desp\u00faes de la temporada de precarnavales y carnavales&#8221;, dijo la gerente Orozco.<\/p>\n\n\n\n<p>El secretario de Salud del Atl\u00e1ntico tambi\u00e9n hizo una prevenci\u00f3n: &#8220;con el ingreso de mucha poblaci\u00f3n extranjera vienen pacientes que no son tratados en su pa\u00eds por mucho tiempo en otras enfermedades como hipertensi\u00f3n, diabetes, cardiovasculares, neurol\u00f3gicas, leucemia, c\u00e1ncer de todo tipo, VIH, tuberculosis, s\u00edfilis y toda la gama de patolog\u00edas que hoy tenemos controladas en nuestro territorio, pero que la falta de control en Venezuela nos genera carga de enfermedades que no ten\u00edamos&#8221;.<\/p>\n\n\n\n<p>Tambi\u00e9n se incluyen cuatro casos de sarampi\u00f3n en el atl\u00e1ntico, situaci\u00f3n en la que se hizo el bloqueo correspondiente y no se dieron m\u00e1s registros de esta enfermedad.<\/p>\n\n\n\n<p><strong>EN LA ASAMBLEA<\/strong><\/p>\n\n\n\n<p>El gobernador Verano asisti\u00f3 a la Asamblea Departamental del Atl\u00e1ntico a presentar los retos de su administraci\u00f3n en la atenci\u00f3n a la poblaci\u00f3n migrante ante la Comisi\u00f3n Accidental de Seguimiento de la Declaraci\u00f3n de C\u00facuta, creada para tratar el fen\u00f3meno de inmigraci\u00f3n de venezolanos en Colombia.<\/p>\n\n\n\n<p>La sesi\u00f3n estuvo encabezada por el senador del Partido Conservador, Efra\u00edn Cepeda, y con la presencia de la diputada de la Asamblea Nacional de Venezuela, Gaby Arellano y el director nacional de Migraci\u00f3n Colombia, Cristian Kruger, entre otros funcionarios.<\/p>\n\n\n\n<p>All\u00ed el mandatario atlanticense socializ\u00f3 las cifras en cuanto a tenci\u00f3n a la poblaci\u00f3n procedente del vecino pa\u00eds y volvi\u00f3 a llamar al Gobierno nacional a reconsiderar su pol\u00edtica de ayudas especiales a la atenci\u00f3n a venezolanos, y que incluya en estos planes al Atl\u00e1ntico, que a pesar de no ser un departamento fronterizo, est\u00e1 entre los destinos m\u00e1s escogidos por los migrantes que llegan en busca de soluciones a su cr\u00edtica situaci\u00f3n.<\/p>\n\n\n\n<ul class=\"wp-block-gallery columns-3 is-cropped wp-block-gallery-1 is-layout-flex\"><li class=\"blocks-gallery-item\"><figure><img decoding=\"async\" loading=\"lazy\" width=\"1024\" height=\"682\" src=\"http:\/\/malamboradio.com\/web\/wp-content\/uploads\/2019\/09\/WhatsApp-Image-2019-09-12-at-19.19.09-1024x682.jpeg\" alt=\"\" data-id=\"53653\" data-link=\"http:\/\/malamboradio.com\/web\/?attachment_id=53653\" class=\"wp-image-53653\" srcset=\"https:\/\/malamboradio.com\/web\/wp-content\/uploads\/2019\/09\/WhatsApp-Image-2019-09-12-at-19.19.09-1024x682.jpeg 1024w, https:\/\/malamboradio.com\/web\/wp-content\/uploads\/2019\/09\/WhatsApp-Image-2019-09-12-at-19.19.09-300x200.jpeg 300w, https:\/\/malamboradio.com\/web\/wp-content\/uploads\/2019\/09\/WhatsApp-Image-2019-09-12-at-19.19.09-768x512.jpeg 768w, https:\/\/malamboradio.com\/web\/wp-content\/uploads\/2019\/09\/WhatsApp-Image-2019-09-12-at-19.19.09-580x387.jpeg 580w, https:\/\/malamboradio.com\/web\/wp-content\/uploads\/2019\/09\/WhatsApp-Image-2019-09-12-at-19.19.09-860x573.jpeg 860w, https:\/\/malamboradio.com\/web\/wp-content\/uploads\/2019\/09\/WhatsApp-Image-2019-09-12-at-19.19.09-1160x773.jpeg 1160w, https:\/\/malamboradio.com\/web\/wp-content\/uploads\/2019\/09\/WhatsApp-Image-2019-09-12-at-19.19.09.jpeg 1280w\" sizes=\"(max-width: 1024px) 100vw, 1024px\" \/><\/figure><\/li><li class=\"blocks-gallery-item\"><figure><img decoding=\"async\" loading=\"lazy\" width=\"1024\" height=\"682\" src=\"http:\/\/malamboradio.com\/web\/wp-content\/uploads\/2019\/09\/WhatsApp-Image-2019-09-12-at-19.19.10-1-1024x682.jpeg\" alt=\"\" data-id=\"53654\" data-link=\"http:\/\/malamboradio.com\/web\/?attachment_id=53654\" class=\"wp-image-53654\" srcset=\"https:\/\/malamboradio.com\/web\/wp-content\/uploads\/2019\/09\/WhatsApp-Image-2019-09-12-at-19.19.10-1-1024x682.jpeg 1024w, https:\/\/malamboradio.com\/web\/wp-content\/uploads\/2019\/09\/WhatsApp-Image-2019-09-12-at-19.19.10-1-300x200.jpeg 300w, https:\/\/malamboradio.com\/web\/wp-content\/uploads\/2019\/09\/WhatsApp-Image-2019-09-12-at-19.19.10-1-768x512.jpeg 768w, https:\/\/malamboradio.com\/web\/wp-content\/uploads\/2019\/09\/WhatsApp-Image-2019-09-12-at-19.19.10-1-580x387.jpeg 580w, https:\/\/malamboradio.com\/web\/wp-content\/uploads\/2019\/09\/WhatsApp-Image-2019-09-12-at-19.19.10-1-860x573.jpeg 860w, https:\/\/malamboradio.com\/web\/wp-content\/uploads\/2019\/09\/WhatsApp-Image-2019-09-12-at-19.19.10-1-1160x773.jpeg 1160w, https:\/\/malamboradio.com\/web\/wp-content\/uploads\/2019\/09\/WhatsApp-Image-2019-09-12-at-19.19.10-1.jpeg 1280w\" sizes=\"(max-width: 1024px) 100vw, 1024px\" \/><\/figure><\/li><li class=\"blocks-gallery-item\"><figure><img decoding=\"async\" loading=\"lazy\" width=\"1024\" height=\"682\" src=\"http:\/\/malamboradio.com\/web\/wp-content\/uploads\/2019\/09\/WhatsApp-Image-2019-09-12-at-19.19.10-1024x682.jpeg\" alt=\"\" data-id=\"53655\" data-link=\"http:\/\/malamboradio.com\/web\/?attachment_id=53655\" class=\"wp-image-53655\" srcset=\"https:\/\/malamboradio.com\/web\/wp-content\/uploads\/2019\/09\/WhatsApp-Image-2019-09-12-at-19.19.10-1024x682.jpeg 1024w, https:\/\/malamboradio.com\/web\/wp-content\/uploads\/2019\/09\/WhatsApp-Image-2019-09-12-at-19.19.10-300x200.jpeg 300w, https:\/\/malamboradio.com\/web\/wp-content\/uploads\/2019\/09\/WhatsApp-Image-2019-09-12-at-19.19.10-768x512.jpeg 768w, https:\/\/malamboradio.com\/web\/wp-content\/uploads\/2019\/09\/WhatsApp-Image-2019-09-12-at-19.19.10-580x387.jpeg 580w, https:\/\/malamboradio.com\/web\/wp-content\/uploads\/2019\/09\/WhatsApp-Image-2019-09-12-at-19.19.10-860x573.jpeg 860w, https:\/\/malamboradio.com\/web\/wp-content\/uploads\/2019\/09\/WhatsApp-Image-2019-09-12-at-19.19.10-1160x773.jpeg 1160w, https:\/\/malamboradio.com\/web\/wp-content\/uploads\/2019\/09\/WhatsApp-Image-2019-09-12-at-19.19.10.jpeg 1280w\" sizes=\"(max-width: 1024px) 100vw, 1024px\" \/><\/figure><\/li><\/ul>\n\n\n\n<p><strong>ASESOR\u00cdA DE COMUNICACIONES<\/strong><br><strong>GOBERNACI\u00d3N DEL ATL\u00c1NTICO<\/strong><\/p>\n","protected":false},"excerpt":{"rendered":"<p>El gobernador del Atl\u00e1ntico, Eduardo Verano de la Rosa, recorri\u00f3 el Hospital Ni\u00f1o Jes\u00fas, para constatar el plan de contingencia que implementa ese centro asistencial ante el aumento de atenci\u00f3n a embarazos de migrantes venezolanas, cuyos costos son asumidos en su totalidad por la Gobernaci\u00f3n. Seg\u00fan el reporte entregado por la Gerencia del hospital a&#8230;<\/p>\n","protected":false},"author":1,"featured_media":53655,"comment_status":"open","ping_status":"open","sticky":false,"template":"","format":"standard","meta":[],"categories":[1],"tags":[],"jetpack_sharing_enabled":true,"jetpack_featured_media_url":"https:\/\/malamboradio.com\/web\/wp-content\/uploads\/2019\/09\/WhatsApp-Image-2019-09-12-at-19.19.10.jpeg","_links":{"self":[{"href":"https:\/\/malamboradio.com\/web\/wp-json\/wp\/v2\/posts\/53652"}],"collection":[{"href":"https:\/\/malamboradio.com\/web\/wp-json\/wp\/v2\/posts"}],"about":[{"href":"https:\/\/malamboradio.com\/web\/wp-json\/wp\/v2\/types\/post"}],"author":[{"embeddable":true,"href":"https:\/\/malamboradio.com\/web\/wp-json\/wp\/v2\/users\/1"}],"replies":[{"embeddable":true,"href":"https:\/\/malamboradio.com\/web\/wp-json\/wp\/v2\/comments?post=53652"}],"version-history":[{"count":1,"href":"https:\/\/malamboradio.com\/web\/wp-json\/wp\/v2\/posts\/53652\/revisions"}],"predecessor-version":[{"id":53656,"href":"https:\/\/malamboradio.com\/web\/wp-json\/wp\/v2\/posts\/53652\/revisions\/53656"}],"wp:featuredmedia":[{"embeddable":true,"href":"https:\/\/malamboradio.com\/web\/wp-json\/wp\/v2\/media\/53655"}],"wp:attachment":[{"href":"https:\/\/malamboradio.com\/web\/wp-json\/wp\/v2\/media?parent=53652"}],"wp:term":[{"taxonomy":"category","embeddable":true,"href":"https:\/\/malamboradio.com\/web\/wp-json\/wp\/v2\/categories?post=53652"},{"taxonomy":"post_tag","embeddable":true,"href":"https:\/\/malamboradio.com\/web\/wp-json\/wp\/v2\/tags?post=53652"}],"curies":[{"name":"wp","href":"https:\/\/api.w.org\/{rel}","templated":true}]}}