{"id":53647,"date":"2019-09-13T02:00:56","date_gmt":"2019-09-13T02:00:56","guid":{"rendered":"http:\/\/malamboradio.com\/web\/?p=53647"},"modified":"2019-09-13T02:00:58","modified_gmt":"2019-09-13T02:00:58","slug":"atlanticoliderenobras-manana-gobernacion-pondra-al-servicio-tres-cdi-en-soledad-para-700-ninos","status":"publish","type":"post","link":"https:\/\/malamboradio.com\/web\/2019\/09\/13\/atlanticoliderenobras-manana-gobernacion-pondra-al-servicio-tres-cdi-en-soledad-para-700-ninos\/","title":{"rendered":"#Atl\u00e1nticoL\u00edderEnObras: Ma\u00f1ana, Gobernaci\u00f3n pondr\u00e1 al servicio tres CDI en Soledad para 700 ni\u00f1os"},"content":{"rendered":"\n<p>Como s\u00edmbolo de la nueva era en la que entra la educaci\u00f3n infantil en el departamento del Atl\u00e1ntico, ma\u00f1ana la Gobernaci\u00f3n del Atl\u00e1ntico pondr\u00e1 al servicio de la comunidad tres Centros de Desarrollo Infantil (CDI) en el municipio de Soledad en los que se atender\u00e1n diariamente a 700 ni\u00f1os entre cero y 5 a\u00f1os con servicios integrales en salud, alimentaci\u00f3n, educaci\u00f3n, recreaci\u00f3n, cultura y trabajo social.<\/p>\n\n\n\n<p>A las 8:00 a.m. de ma\u00f1ana, el gobernador Eduardo Verano de la Rosa, pondr\u00e1 al servicio de la comunidad estos tres proyectos en los que se invirtieron $13.500 millones provenientes del Sistema General de Regal\u00edas y recursos propios de la Gobernaci\u00f3n del Atl\u00e1ntico.<\/p>\n\n\n\n<p>El alcance de estos proyectos est\u00e1 divido en dos \u00e1reas: prejard\u00edn y jard\u00edn. El prejard\u00edn incluye seis salones con sus respectivos ba\u00f1os. El jard\u00edn consta de cinco salones y ba\u00f1os. Una salacuna con dormitorio lactario y una zona did\u00e1ctica, de gateo y comedor con su respectiva cocina, adem\u00e1s, en la zona administrativa contar\u00e1n con sala de profesores, aula m\u00faltiple, paisajismo, cerramiento, redes de servicios b\u00e1sicos, enfermer\u00eda y porter\u00eda hacen parte de las obras complementarias<\/p>\n\n\n\n<p>Los CDI son una manera de introducir a los ni\u00f1os de cero a 5 a\u00f1os en un proceso de aprendizaje mucho m\u00e1s completo que incluye una formaci\u00f3n inicial de calidad y una alimentaci\u00f3n balanceada que garantice un crecimiento mental y f\u00edsico id\u00f3neo.<\/p>\n\n\n\n<p>&#8220;La misi\u00f3n es atender a la poblaci\u00f3n infantil del departamento del Atl\u00e1ntico para garantizar nuevas generaciones de infantes con buenos est\u00edmulos y m\u00e1s capacitados para la educaci\u00f3n b\u00e1sica y superior porque recordemos que en los primeros cinco a\u00f1os de vida es donde se forma gran parte del cerebro del ser humano&#8221;, comento Verano de la Rosa.<\/p>\n\n\n\n<p>Estas obra son construida con el prop\u00f3sito de generar desarrollo integral entre los menores, por tal motivo, tendr\u00e1n atenci\u00f3n en salud, recreaci\u00f3n, l\u00fadica y un programa nutricional elaborado por profesionales. &#8220;Recordemos que en los primeros cinco a\u00f1os de vida es donde nuestro cerebro alcanza su mayor nivel de desarrollo, por eso es tan fundamental que estos CDI funcionen a la perfecci\u00f3n&#8221;, manifest\u00f3 el gerente de Capital Social, \u00d3scar Pantoja Palacio.<\/p>\n\n\n\n<p><strong>DETALLES DE LOS CDI<\/strong><\/p>\n\n\n\n<p>El Centro de Desarrollo Infantil (CDI) &#8220;Sendero Feliz&#8221; del sector Los Almendros atender\u00e1 230 ni\u00f1os y ni\u00f1as entre cero y 5 a\u00f1os. Est\u00e1 construido en un \u00e1rea de 1.994 metros cuadrados (m2).<\/p>\n\n\n\n<p>El CDI &#8220;Un Mundo de Talentos&#8221; del barrio La Central atender\u00e1 290 ni\u00f1os y ni\u00f1as. Est\u00e1 construido en un \u00e1rea de 1962 metros cuadrados (m2).<\/p>\n\n\n\n<p>El CDI &#8220;Mar\u00eda Jos\u00e9&#8221; en Villa Estadio, atender\u00e1 180 ni\u00f1os y ni\u00f1as. Est\u00e1 construido en un \u00e1rea de 1.682 metros cuadrados (m2).<\/p>\n\n\n\n<p>Estos CDI hacen parte de las 400 obras que construye la Administraci\u00f3n de Eduardo Verano durante el cuatrienio 2016 \u2013 2019, y con esto se cumple con el Eje 1 de la Transformaci\u00f3n del Ser humano que est\u00e1 establecido en el plan de desarrollo Atl\u00e1ntico L\u00edder.<\/p>\n\n\n\n<ul class=\"wp-block-gallery columns-2 is-cropped wp-block-gallery-1 is-layout-flex\"><li class=\"blocks-gallery-item\"><figure><img decoding=\"async\" loading=\"lazy\" width=\"1024\" height=\"682\" src=\"http:\/\/malamboradio.com\/web\/wp-content\/uploads\/2019\/09\/WhatsApp-Image-2019-09-12-at-19.18.27-1-1024x682.jpeg\" alt=\"\" data-id=\"53648\" data-link=\"http:\/\/malamboradio.com\/web\/?attachment_id=53648\" class=\"wp-image-53648\" srcset=\"https:\/\/malamboradio.com\/web\/wp-content\/uploads\/2019\/09\/WhatsApp-Image-2019-09-12-at-19.18.27-1-1024x682.jpeg 1024w, https:\/\/malamboradio.com\/web\/wp-content\/uploads\/2019\/09\/WhatsApp-Image-2019-09-12-at-19.18.27-1-300x200.jpeg 300w, https:\/\/malamboradio.com\/web\/wp-content\/uploads\/2019\/09\/WhatsApp-Image-2019-09-12-at-19.18.27-1-768x512.jpeg 768w, https:\/\/malamboradio.com\/web\/wp-content\/uploads\/2019\/09\/WhatsApp-Image-2019-09-12-at-19.18.27-1-580x387.jpeg 580w, https:\/\/malamboradio.com\/web\/wp-content\/uploads\/2019\/09\/WhatsApp-Image-2019-09-12-at-19.18.27-1-860x573.jpeg 860w, https:\/\/malamboradio.com\/web\/wp-content\/uploads\/2019\/09\/WhatsApp-Image-2019-09-12-at-19.18.27-1-1160x773.jpeg 1160w, https:\/\/malamboradio.com\/web\/wp-content\/uploads\/2019\/09\/WhatsApp-Image-2019-09-12-at-19.18.27-1.jpeg 1280w\" sizes=\"(max-width: 1024px) 100vw, 1024px\" \/><\/figure><\/li><li class=\"blocks-gallery-item\"><figure><img decoding=\"async\" loading=\"lazy\" width=\"1024\" height=\"682\" src=\"http:\/\/malamboradio.com\/web\/wp-content\/uploads\/2019\/09\/WhatsApp-Image-2019-09-12-at-19.18.27-1024x682.jpeg\" alt=\"\" data-id=\"53649\" data-link=\"http:\/\/malamboradio.com\/web\/?attachment_id=53649\" class=\"wp-image-53649\" srcset=\"https:\/\/malamboradio.com\/web\/wp-content\/uploads\/2019\/09\/WhatsApp-Image-2019-09-12-at-19.18.27-1024x682.jpeg 1024w, https:\/\/malamboradio.com\/web\/wp-content\/uploads\/2019\/09\/WhatsApp-Image-2019-09-12-at-19.18.27-300x200.jpeg 300w, https:\/\/malamboradio.com\/web\/wp-content\/uploads\/2019\/09\/WhatsApp-Image-2019-09-12-at-19.18.27-768x512.jpeg 768w, https:\/\/malamboradio.com\/web\/wp-content\/uploads\/2019\/09\/WhatsApp-Image-2019-09-12-at-19.18.27-580x387.jpeg 580w, https:\/\/malamboradio.com\/web\/wp-content\/uploads\/2019\/09\/WhatsApp-Image-2019-09-12-at-19.18.27-860x573.jpeg 860w, https:\/\/malamboradio.com\/web\/wp-content\/uploads\/2019\/09\/WhatsApp-Image-2019-09-12-at-19.18.27-1160x773.jpeg 1160w, https:\/\/malamboradio.com\/web\/wp-content\/uploads\/2019\/09\/WhatsApp-Image-2019-09-12-at-19.18.27.jpeg 1280w\" sizes=\"(max-width: 1024px) 100vw, 1024px\" \/><\/figure><\/li><\/ul>\n\n\n\n<p><strong>ASESOR\u00cdA DE COMUNICACIONES<\/strong><br><strong>GOBERNACI\u00d3N DEL ATL\u00c1NTICO<\/strong><\/p>\n","protected":false},"excerpt":{"rendered":"<p>Como s\u00edmbolo de la nueva era en la que entra la educaci\u00f3n infantil en el departamento del Atl\u00e1ntico, ma\u00f1ana la Gobernaci\u00f3n del Atl\u00e1ntico pondr\u00e1 al servicio de la comunidad tres Centros de Desarrollo Infantil (CDI) en el municipio de Soledad en los que se atender\u00e1n diariamente a 700 ni\u00f1os entre cero y 5 a\u00f1os con&#8230;<\/p>\n","protected":false},"author":1,"featured_media":53649,"comment_status":"open","ping_status":"open","sticky":false,"template":"","format":"standard","meta":[],"categories":[1],"tags":[],"jetpack_sharing_enabled":true,"jetpack_featured_media_url":"https:\/\/malamboradio.com\/web\/wp-content\/uploads\/2019\/09\/WhatsApp-Image-2019-09-12-at-19.18.27.jpeg","_links":{"self":[{"href":"https:\/\/malamboradio.com\/web\/wp-json\/wp\/v2\/posts\/53647"}],"collection":[{"href":"https:\/\/malamboradio.com\/web\/wp-json\/wp\/v2\/posts"}],"about":[{"href":"https:\/\/malamboradio.com\/web\/wp-json\/wp\/v2\/types\/post"}],"author":[{"embeddable":true,"href":"https:\/\/malamboradio.com\/web\/wp-json\/wp\/v2\/users\/1"}],"replies":[{"embeddable":true,"href":"https:\/\/malamboradio.com\/web\/wp-json\/wp\/v2\/comments?post=53647"}],"version-history":[{"count":1,"href":"https:\/\/malamboradio.com\/web\/wp-json\/wp\/v2\/posts\/53647\/revisions"}],"predecessor-version":[{"id":53650,"href":"https:\/\/malamboradio.com\/web\/wp-json\/wp\/v2\/posts\/53647\/revisions\/53650"}],"wp:featuredmedia":[{"embeddable":true,"href":"https:\/\/malamboradio.com\/web\/wp-json\/wp\/v2\/media\/53649"}],"wp:attachment":[{"href":"https:\/\/malamboradio.com\/web\/wp-json\/wp\/v2\/media?parent=53647"}],"wp:term":[{"taxonomy":"category","embeddable":true,"href":"https:\/\/malamboradio.com\/web\/wp-json\/wp\/v2\/categories?post=53647"},{"taxonomy":"post_tag","embeddable":true,"href":"https:\/\/malamboradio.com\/web\/wp-json\/wp\/v2\/tags?post=53647"}],"curies":[{"name":"wp","href":"https:\/\/api.w.org\/{rel}","templated":true}]}}