{"id":53430,"date":"2019-09-11T15:58:46","date_gmt":"2019-09-11T15:58:46","guid":{"rendered":"http:\/\/malamboradio.com\/web\/?p=53430"},"modified":"2019-09-11T15:58:48","modified_gmt":"2019-09-11T15:58:48","slug":"rumeniggeenmontecarlo-2","status":"publish","type":"post","link":"https:\/\/malamboradio.com\/web\/2019\/09\/11\/rumeniggeenmontecarlo-2\/","title":{"rendered":"#RumeniggeEnMontecarlo"},"content":{"rendered":"\n<p>En compa\u00f1\u00eda de nuestro pr\u00f3ximo concejal Jair Barcel\u00f3 (marca C-7), nos reunimos con los habitantes del barrio Montecarlo, quienes se mostraron entusiasmados con la trasformaci\u00f3n que se avecina. Ellos son conscientes que es posible un mejor servicio de salud, una educaci\u00f3n de calidad, la construccion de vivienda para los malamberos. Lo que ha faltado es voluntad pol\u00edtica.<br><a href=\"https:\/\/www.facebook.com\/hashtag\/malambomerecerespeto?source=feed_text&amp;epa=HASHTAG\">#MalamboMereceRespeto<\/a><br><a href=\"https:\/\/www.facebook.com\/hashtag\/t%C3%BAdecides?source=feed_text&amp;epa=HASHTAG\">#T\u00faDecides<\/a><br><a href=\"https:\/\/www.facebook.com\/hashtag\/rumeniggealcalde?source=feed_text&amp;epa=HASHTAG\">#RumeniggeAlcalde<\/a><br><a href=\"https:\/\/www.facebook.com\/hashtag\/partidoconservador?source=feed_text&amp;epa=HASHTAG\">#PartidoConservador<\/a><\/p>\n\n\n\n<ul class=\"wp-block-gallery columns-3 is-cropped wp-block-gallery-1 is-layout-flex\"><li class=\"blocks-gallery-item\"><figure><img decoding=\"async\" loading=\"lazy\" width=\"960\" height=\"676\" src=\"http:\/\/malamboradio.com\/web\/wp-content\/uploads\/2019\/09\/69711074_185886492439499_2855341782193930240_n.jpg\" alt=\"\" data-id=\"53433\" data-link=\"http:\/\/malamboradio.com\/web\/?attachment_id=53433\" class=\"wp-image-53433\" srcset=\"https:\/\/malamboradio.com\/web\/wp-content\/uploads\/2019\/09\/69711074_185886492439499_2855341782193930240_n.jpg 960w, https:\/\/malamboradio.com\/web\/wp-content\/uploads\/2019\/09\/69711074_185886492439499_2855341782193930240_n-300x211.jpg 300w, https:\/\/malamboradio.com\/web\/wp-content\/uploads\/2019\/09\/69711074_185886492439499_2855341782193930240_n-768x541.jpg 768w, https:\/\/malamboradio.com\/web\/wp-content\/uploads\/2019\/09\/69711074_185886492439499_2855341782193930240_n-580x408.jpg 580w, https:\/\/malamboradio.com\/web\/wp-content\/uploads\/2019\/09\/69711074_185886492439499_2855341782193930240_n-860x606.jpg 860w\" sizes=\"(max-width: 960px) 100vw, 960px\" \/><\/figure><\/li><li class=\"blocks-gallery-item\"><figure><img decoding=\"async\" loading=\"lazy\" width=\"960\" height=\"640\" src=\"http:\/\/malamboradio.com\/web\/wp-content\/uploads\/2019\/09\/69975666_185886572439491_400337195900076032_n.jpg\" alt=\"\" data-id=\"53434\" data-link=\"http:\/\/malamboradio.com\/web\/?attachment_id=53434\" class=\"wp-image-53434\" srcset=\"https:\/\/malamboradio.com\/web\/wp-content\/uploads\/2019\/09\/69975666_185886572439491_400337195900076032_n.jpg 960w, https:\/\/malamboradio.com\/web\/wp-content\/uploads\/2019\/09\/69975666_185886572439491_400337195900076032_n-300x200.jpg 300w, https:\/\/malamboradio.com\/web\/wp-content\/uploads\/2019\/09\/69975666_185886572439491_400337195900076032_n-768x512.jpg 768w, https:\/\/malamboradio.com\/web\/wp-content\/uploads\/2019\/09\/69975666_185886572439491_400337195900076032_n-580x387.jpg 580w, https:\/\/malamboradio.com\/web\/wp-content\/uploads\/2019\/09\/69975666_185886572439491_400337195900076032_n-860x573.jpg 860w\" sizes=\"(max-width: 960px) 100vw, 960px\" \/><\/figure><\/li><li class=\"blocks-gallery-item\"><figure><img decoding=\"async\" loading=\"lazy\" width=\"960\" height=\"641\" src=\"http:\/\/malamboradio.com\/web\/wp-content\/uploads\/2019\/09\/70041156_185886532439495_7205837073981374464_n.jpg\" alt=\"\" data-id=\"53435\" data-link=\"http:\/\/malamboradio.com\/web\/?attachment_id=53435\" class=\"wp-image-53435\" srcset=\"https:\/\/malamboradio.com\/web\/wp-content\/uploads\/2019\/09\/70041156_185886532439495_7205837073981374464_n.jpg 960w, https:\/\/malamboradio.com\/web\/wp-content\/uploads\/2019\/09\/70041156_185886532439495_7205837073981374464_n-300x200.jpg 300w, https:\/\/malamboradio.com\/web\/wp-content\/uploads\/2019\/09\/70041156_185886532439495_7205837073981374464_n-768x513.jpg 768w, https:\/\/malamboradio.com\/web\/wp-content\/uploads\/2019\/09\/70041156_185886532439495_7205837073981374464_n-580x387.jpg 580w, https:\/\/malamboradio.com\/web\/wp-content\/uploads\/2019\/09\/70041156_185886532439495_7205837073981374464_n-860x574.jpg 860w\" sizes=\"(max-width: 960px) 100vw, 960px\" \/><\/figure><\/li><li class=\"blocks-gallery-item\"><figure><img decoding=\"async\" loading=\"lazy\" width=\"960\" height=\"641\" src=\"http:\/\/malamboradio.com\/web\/wp-content\/uploads\/2019\/09\/70373587_185880815773400_8686278095793029120_n-1.jpg\" alt=\"\" data-id=\"53436\" data-link=\"http:\/\/malamboradio.com\/web\/?attachment_id=53436\" class=\"wp-image-53436\" srcset=\"https:\/\/malamboradio.com\/web\/wp-content\/uploads\/2019\/09\/70373587_185880815773400_8686278095793029120_n-1.jpg 960w, https:\/\/malamboradio.com\/web\/wp-content\/uploads\/2019\/09\/70373587_185880815773400_8686278095793029120_n-1-300x200.jpg 300w, https:\/\/malamboradio.com\/web\/wp-content\/uploads\/2019\/09\/70373587_185880815773400_8686278095793029120_n-1-768x513.jpg 768w, https:\/\/malamboradio.com\/web\/wp-content\/uploads\/2019\/09\/70373587_185880815773400_8686278095793029120_n-1-580x387.jpg 580w, https:\/\/malamboradio.com\/web\/wp-content\/uploads\/2019\/09\/70373587_185880815773400_8686278095793029120_n-1-860x574.jpg 860w\" sizes=\"(max-width: 960px) 100vw, 960px\" \/><\/figure><\/li><\/ul>\n\n\n\n<p>PUBLICIDAD POLITICA PAGADA<\/p>\n","protected":false},"excerpt":{"rendered":"<p>En compa\u00f1\u00eda de nuestro pr\u00f3ximo concejal Jair Barcel\u00f3 (marca C-7), nos reunimos con los habitantes del barrio Montecarlo, quienes se mostraron entusiasmados con la trasformaci\u00f3n que se avecina. Ellos son conscientes que es posible un mejor servicio de salud, una educaci\u00f3n de calidad, la construccion de vivienda para los malamberos. Lo que ha faltado es&#8230;<\/p>\n","protected":false},"author":1,"featured_media":53433,"comment_status":"open","ping_status":"open","sticky":false,"template":"","format":"standard","meta":[],"categories":[1],"tags":[],"jetpack_sharing_enabled":true,"jetpack_featured_media_url":"https:\/\/malamboradio.com\/web\/wp-content\/uploads\/2019\/09\/69711074_185886492439499_2855341782193930240_n.jpg","_links":{"self":[{"href":"https:\/\/malamboradio.com\/web\/wp-json\/wp\/v2\/posts\/53430"}],"collection":[{"href":"https:\/\/malamboradio.com\/web\/wp-json\/wp\/v2\/posts"}],"about":[{"href":"https:\/\/malamboradio.com\/web\/wp-json\/wp\/v2\/types\/post"}],"author":[{"embeddable":true,"href":"https:\/\/malamboradio.com\/web\/wp-json\/wp\/v2\/users\/1"}],"replies":[{"embeddable":true,"href":"https:\/\/malamboradio.com\/web\/wp-json\/wp\/v2\/comments?post=53430"}],"version-history":[{"count":1,"href":"https:\/\/malamboradio.com\/web\/wp-json\/wp\/v2\/posts\/53430\/revisions"}],"predecessor-version":[{"id":53437,"href":"https:\/\/malamboradio.com\/web\/wp-json\/wp\/v2\/posts\/53430\/revisions\/53437"}],"wp:featuredmedia":[{"embeddable":true,"href":"https:\/\/malamboradio.com\/web\/wp-json\/wp\/v2\/media\/53433"}],"wp:attachment":[{"href":"https:\/\/malamboradio.com\/web\/wp-json\/wp\/v2\/media?parent=53430"}],"wp:term":[{"taxonomy":"category","embeddable":true,"href":"https:\/\/malamboradio.com\/web\/wp-json\/wp\/v2\/categories?post=53430"},{"taxonomy":"post_tag","embeddable":true,"href":"https:\/\/malamboradio.com\/web\/wp-json\/wp\/v2\/tags?post=53430"}],"curies":[{"name":"wp","href":"https:\/\/api.w.org\/{rel}","templated":true}]}}