{"id":227337,"date":"2024-04-25T06:58:46","date_gmt":"2024-04-25T11:58:46","guid":{"rendered":"https:\/\/malamboradio.com\/web\/?p=227337"},"modified":"2024-04-25T06:58:49","modified_gmt":"2024-04-25T11:58:49","slug":"a-la-carcel-fico-el-alcalde-de-medellin-por-orden-de-un-juez","status":"publish","type":"post","link":"https:\/\/malamboradio.com\/web\/2024\/04\/25\/a-la-carcel-fico-el-alcalde-de-medellin-por-orden-de-un-juez\/","title":{"rendered":"A LA C\u00c1RCEL  \u201cFICO\u201d EL ALCALDE DE MEDELL\u00cdN POR ORDEN DE UN JUEZ."},"content":{"rendered":"\n<p class=\"has-text-align-justify\"><br>Por un desacato de acci\u00f3n de tutela interpuesto a la Secretaria de Educaci\u00f3n el pasado 20 de noviembre del 2023, un juzgado de la ciudad de Medell\u00edn orden\u00f3 cinco d\u00edas de arresto en contra del actual alcalde Federico Andr\u00e9s Guti\u00e9rrez Zuluaga. La medida contempla cinco d\u00edas de prisi\u00f3n, la cual puede ser intramural y adem\u00e1s de eso, el fallo obliga el pago de una multa de hasta cinco salarios m\u00ednimos legales vigente.<br>El Secretario de Educaci\u00f3n de Medell\u00edn, Luis Guillermo Pati\u00f1o, tambi\u00e9n est\u00e1 afectado por esta acci\u00f3n constitucional, seg\u00fan lo revel\u00f3 el ex secretario de Gobierno de Medell\u00edn, Esteban Restrepo a trav\u00e9s de su cuenta en X.<br>A esta hora, a\u00fan no se conoce la parte que motiva esta acci\u00f3n proferida por el Juzgado Diecisiete Penal Municipal de Medell\u00edn.<br>En Colombia, la acci\u00f3n de tutela es un mecanismo judicial excepcional que busca la protecci\u00f3n inmediata de los derechos fundamentales cuando estos han sido vulnerados o se encuentran amenazados. Si bien la persona accionada por una tutela puede enfrentar consecuencias legales, ir a la c\u00e1rcel no es una sanci\u00f3n autom\u00e1tica.<\/p>\n","protected":false},"excerpt":{"rendered":"<p>Por un desacato de acci\u00f3n de tutela interpuesto a la Secretaria de Educaci\u00f3n el pasado 20 de noviembre del 2023, un juzgado de la ciudad de Medell\u00edn orden\u00f3 cinco d\u00edas de arresto en contra del actual alcalde Federico Andr\u00e9s Guti\u00e9rrez Zuluaga. La medida contempla cinco d\u00edas de prisi\u00f3n, la cual puede ser intramural y adem\u00e1s&#8230;<\/p>\n","protected":false},"author":1,"featured_media":227338,"comment_status":"closed","ping_status":"closed","sticky":false,"template":"","format":"standard","meta":[],"categories":[60,68,56],"tags":[],"jetpack_sharing_enabled":true,"jetpack_featured_media_url":"https:\/\/malamboradio.com\/web\/wp-content\/uploads\/2024\/04\/FEDERICO-GUTIERREZ-1_0.jpg","_links":{"self":[{"href":"https:\/\/malamboradio.com\/web\/wp-json\/wp\/v2\/posts\/227337"}],"collection":[{"href":"https:\/\/malamboradio.com\/web\/wp-json\/wp\/v2\/posts"}],"about":[{"href":"https:\/\/malamboradio.com\/web\/wp-json\/wp\/v2\/types\/post"}],"author":[{"embeddable":true,"href":"https:\/\/malamboradio.com\/web\/wp-json\/wp\/v2\/users\/1"}],"replies":[{"embeddable":true,"href":"https:\/\/malamboradio.com\/web\/wp-json\/wp\/v2\/comments?post=227337"}],"version-history":[{"count":1,"href":"https:\/\/malamboradio.com\/web\/wp-json\/wp\/v2\/posts\/227337\/revisions"}],"predecessor-version":[{"id":227339,"href":"https:\/\/malamboradio.com\/web\/wp-json\/wp\/v2\/posts\/227337\/revisions\/227339"}],"wp:featuredmedia":[{"embeddable":true,"href":"https:\/\/malamboradio.com\/web\/wp-json\/wp\/v2\/media\/227338"}],"wp:attachment":[{"href":"https:\/\/malamboradio.com\/web\/wp-json\/wp\/v2\/media?parent=227337"}],"wp:term":[{"taxonomy":"category","embeddable":true,"href":"https:\/\/malamboradio.com\/web\/wp-json\/wp\/v2\/categories?post=227337"},{"taxonomy":"post_tag","embeddable":true,"href":"https:\/\/malamboradio.com\/web\/wp-json\/wp\/v2\/tags?post=227337"}],"curies":[{"name":"wp","href":"https:\/\/api.w.org\/{rel}","templated":true}]}}