{"id":227167,"date":"2024-04-23T17:50:25","date_gmt":"2024-04-23T22:50:25","guid":{"rendered":"https:\/\/malamboradio.com\/web\/?p=227167"},"modified":"2024-04-23T17:50:28","modified_gmt":"2024-04-23T22:50:28","slug":"mujer-auxiliar-de-policia-denuncio-haber-sido-accedida-sexualmente-por-su-superior","status":"publish","type":"post","link":"https:\/\/malamboradio.com\/web\/2024\/04\/23\/mujer-auxiliar-de-policia-denuncio-haber-sido-accedida-sexualmente-por-su-superior\/","title":{"rendered":"MUJER AUXILIAR DE POLIC\u00cdA DENUNCI\u00d3 HABER SIDO ACCEDIDA SEXUALMENTE POR SU SUPERIOR."},"content":{"rendered":"\n<p><\/p>\n\n\n\n<p class=\"has-text-align-justify\">En hechos ocurridos la ma\u00f1ana del lunes 22 de abril en la subestaci\u00f3n del municipio de Palmar de Varela; el presunto agresor que es un alto oficial ha sido separado del cargo hasta que se aclare esta situaci\u00f3n.<br>El Comando de Polic\u00eda Atl\u00e1ntico activ\u00f3 la ruta de atenci\u00f3n a mujeres v\u00edctimas de violencia ante la denuncia de una patrullera de haber sido accedida violentamente por su superior. <\/p>\n\n\n\n<p class=\"has-text-align-justify\">Ante estos hechos, el Comando de Departamento de Polic\u00eda Atl\u00e1ntico ha emitido un comunicado donde expone las medidas que se han tomado para esclarecer los hechos. \u201c\u2060El lunes 22 de abril de 2024 se tuvo conocimiento de unos hechos ocurridos en las instalaciones de la estaci\u00f3n de Polic\u00eda Palmar de Varela, por parte de una auxiliar de Polic\u00eda, quien manifiesta haber sido objeto de una presunta afectaci\u00f3n de \u00edndole sexual por parte del comandante de estaci\u00f3n\u201d, dice inicialmente el comunicado.<\/p>\n\n\n\n<p class=\"has-text-align-justify\">Inmediatamente exterioriza que \u201cde inmediato, se activ\u00f3 la ruta de atenci\u00f3n a mujeres v\u00edctimas de violencia y el acompa\u00f1amiento hasta la Cl\u00ednica de la Polic\u00eda para que sea valorada por personal m\u00e9dico, de la misma manera, el alto oficial fue separado del cargo, para garantizar el debido proceso y la investigaci\u00f3n subsiguiente\u201d.<\/p>\n\n\n\n<p class=\"has-text-align-justify\">\u201cCon la informaci\u00f3n puesta en conocimiento, se abri\u00f3 una investigaci\u00f3n disciplinaria por parte de la Inspecci\u00f3n General de la Polic\u00eda Nacional, as\u00ed como la correspondiente denuncia penal en la Fiscal\u00eda General de la Naci\u00f3n\u201d, se ratifica en el anunciado.<\/p>\n\n\n\n<p class=\"has-text-align-justify\"><br>Se dijo adem\u00e1s que a la v\u00edctima se le dio a conocer los derechos que le asisten como mujer violentada y las entidades que hacen parte de la ruta de atenci\u00f3n en las cuales puede recibir ayuda, se le socializan las l\u00edneas de atenci\u00f3n. Se conoci\u00f3 adem\u00e1s que al realizarle al alto oficial una prueba de alcoholemia, en el mismo hospital dio como resultado 0.03 y se encuentra en custodia en las instalaciones del Distrito 3.<\/p>\n\n\n\n<p>El oficial se defendi\u00f3 alegando que entre la patrullera y \u00e9l existe una relaci\u00f3n sentimental consentida y para demostrarlo exhibi\u00f3 como prueba unas conversaciones entre ellos a trav\u00e9s de WhatsApp.<br>Esta relaci\u00f3n dentro de la unidad policial tendr\u00eda al parecer 5 meses que es el tiempo desde que la auxiliar lleg\u00f3 a dicha estaci\u00f3n.<\/p>\n\n\n\n<p>El subteniente y la patrullera cuyos nombres se omite por razones obvias, lleva en la instituci\u00f3n 11 a\u00f1os, de los cuales, cuenta 9 como Patrullero, 2 como oficial, de este tiempo 15 meses en esta unidad mientras que la patrullera agredida lleva en la instituci\u00f3n y en la unidad solo 5 meses.<\/p>\n","protected":false},"excerpt":{"rendered":"<p>En hechos ocurridos la ma\u00f1ana del lunes 22 de abril en la subestaci\u00f3n del municipio de Palmar de Varela; el presunto agresor que es un alto oficial ha sido separado del cargo hasta que se aclare esta situaci\u00f3n.El Comando de Polic\u00eda Atl\u00e1ntico activ\u00f3 la ruta de atenci\u00f3n a mujeres v\u00edctimas de violencia ante la denuncia&#8230;<\/p>\n","protected":false},"author":1,"featured_media":227168,"comment_status":"closed","ping_status":"closed","sticky":false,"template":"","format":"standard","meta":[],"categories":[99,58,56],"tags":[],"jetpack_sharing_enabled":true,"jetpack_featured_media_url":"https:\/\/malamboradio.com\/web\/wp-content\/uploads\/2024\/04\/mujer-policia.png","_links":{"self":[{"href":"https:\/\/malamboradio.com\/web\/wp-json\/wp\/v2\/posts\/227167"}],"collection":[{"href":"https:\/\/malamboradio.com\/web\/wp-json\/wp\/v2\/posts"}],"about":[{"href":"https:\/\/malamboradio.com\/web\/wp-json\/wp\/v2\/types\/post"}],"author":[{"embeddable":true,"href":"https:\/\/malamboradio.com\/web\/wp-json\/wp\/v2\/users\/1"}],"replies":[{"embeddable":true,"href":"https:\/\/malamboradio.com\/web\/wp-json\/wp\/v2\/comments?post=227167"}],"version-history":[{"count":1,"href":"https:\/\/malamboradio.com\/web\/wp-json\/wp\/v2\/posts\/227167\/revisions"}],"predecessor-version":[{"id":227169,"href":"https:\/\/malamboradio.com\/web\/wp-json\/wp\/v2\/posts\/227167\/revisions\/227169"}],"wp:featuredmedia":[{"embeddable":true,"href":"https:\/\/malamboradio.com\/web\/wp-json\/wp\/v2\/media\/227168"}],"wp:attachment":[{"href":"https:\/\/malamboradio.com\/web\/wp-json\/wp\/v2\/media?parent=227167"}],"wp:term":[{"taxonomy":"category","embeddable":true,"href":"https:\/\/malamboradio.com\/web\/wp-json\/wp\/v2\/categories?post=227167"},{"taxonomy":"post_tag","embeddable":true,"href":"https:\/\/malamboradio.com\/web\/wp-json\/wp\/v2\/tags?post=227167"}],"curies":[{"name":"wp","href":"https:\/\/api.w.org\/{rel}","templated":true}]}}