{"id":227153,"date":"2024-04-23T06:08:39","date_gmt":"2024-04-23T11:08:39","guid":{"rendered":"https:\/\/malamboradio.com\/web\/?p=227153"},"modified":"2024-04-23T06:08:42","modified_gmt":"2024-04-23T11:08:42","slug":"alcaldia-y-gobernacion-del-atlantico-se-unen-en-pro-de-la-seguridad-local-y-departamental","status":"publish","type":"post","link":"https:\/\/malamboradio.com\/web\/2024\/04\/23\/alcaldia-y-gobernacion-del-atlantico-se-unen-en-pro-de-la-seguridad-local-y-departamental\/","title":{"rendered":"ALCALDIA Y GOBERNACION DEL ATLANTICO SE UNEN EN PRO DE LA SEGURIDAD LOCAL Y  DEPARTAMENTAL."},"content":{"rendered":"\n<p class=\"has-text-align-justify\"><br>Alejandro Char, el alcalde de Barranquilla y Eduardo Verano, gobernador del atl\u00e1ntico se sobraron. La entrega de la dotaci\u00f3n este lunes en el Gran Malec\u00f3n no tiene precedente en la historia de Barranquilla.<\/p>\n\n\n\n<p class=\"has-text-align-justify\">Alcaldia y Gobernaci\u00f3n le soltaron a la instituci\u00f3n policial herramientas claves para fortalecer las tareas de seguridad que se vienen adelantando en las cinco localidades de Barranquilla y los municipios del \u00e1rea metropolitana (Soledad, Malambo, Galapa y Puerto Colombia) el alcalde Alejandro Char, con el apoyo del gobernador Eduardo Verano, entreg\u00f3 una dotaci\u00f3n sin precedentes a la Polic\u00eda Metropolitana.<\/p>\n\n\n\n<p class=\"has-text-align-justify\">Son 30 camionetas, 50 radios de comunicaciones y 409 motocicletas, la entrega que el mandatario distrital hizo a la instituci\u00f3n ayer lunes 22 de abril en el Gran Malec\u00f3n.<\/p>\n\n\n\n<p class=\"has-text-align-justify\">Buscamos fortalecer al Modelo Nacional de Vigilancia Comunitaria por Cuadrantes.<br>El alcalde Char destac\u00f3 que gracias al recaudo de impuestos en Barranquilla y el departamento, con el que se hizo posible la entrega.<\/p>\n\n\n\n<p class=\"has-text-align-justify\">\u201cEsta dotaci\u00f3n es una realidad gracias a los recursos de la Tasa de Seguridad Ciudadana que pagamos todos los barranquilleros y atlanticenses\u201d, dijo el mandatario distrital durante el evento que cont\u00f3 con la presencia de los brigadieres Generales Jos\u00e9 Luis Ram\u00edrez Hinestroza, jefe Nacional del Servicio de Polic\u00eda y Herbert Benavidez, comandante de la Polic\u00eda Metropolitana de Barranquilla.<\/p>\n\n\n\n<p class=\"has-text-align-justify\">Enfatiz\u00f3 en que una de las banderas de su administraci\u00f3n, es garantizar la seguridad a los barranquilleros. \u201cEstamos robusteciendo la estrategia de seguridad que venimos trabajando de forma articulada y sin cesar junto a la polic\u00eda de Barranquilla para garantizar la seguridad y tranquilidad de los habitantes de Barranquilla y su \u00e1rea metropolitana\u201d, expres\u00f3.<\/p>\n\n\n\n<p class=\"has-text-align-justify\">As\u00ed mismo destac\u00f3 que en 58 puntos estrat\u00e9gicos de la ciudad se est\u00e1 fortaleciendo la vigilancia y actividades preventivas, como los patrullajes que se realizan en horarios establecidos.<\/p>\n\n\n\n<p class=\"has-text-align-justify\">\u201cAhora que la Polic\u00eda nos cumpla a nosotros con la seguridad de la gente\u201d Termin\u00f3 diciendo.<\/p>\n","protected":false},"excerpt":{"rendered":"<p>Alejandro Char, el alcalde de Barranquilla y Eduardo Verano, gobernador del atl\u00e1ntico se sobraron. La entrega de la dotaci\u00f3n este lunes en el Gran Malec\u00f3n no tiene precedente en la historia de Barranquilla. Alcaldia y Gobernaci\u00f3n le soltaron a la instituci\u00f3n policial herramientas claves para fortalecer las tareas de seguridad que se vienen adelantando en&#8230;<\/p>\n","protected":false},"author":1,"featured_media":227157,"comment_status":"closed","ping_status":"closed","sticky":false,"template":"","format":"standard","meta":[],"categories":[99,80,56],"tags":[],"jetpack_sharing_enabled":true,"jetpack_featured_media_url":"https:\/\/malamboradio.com\/web\/wp-content\/uploads\/2024\/04\/panoramica-policial-bq.jpg","_links":{"self":[{"href":"https:\/\/malamboradio.com\/web\/wp-json\/wp\/v2\/posts\/227153"}],"collection":[{"href":"https:\/\/malamboradio.com\/web\/wp-json\/wp\/v2\/posts"}],"about":[{"href":"https:\/\/malamboradio.com\/web\/wp-json\/wp\/v2\/types\/post"}],"author":[{"embeddable":true,"href":"https:\/\/malamboradio.com\/web\/wp-json\/wp\/v2\/users\/1"}],"replies":[{"embeddable":true,"href":"https:\/\/malamboradio.com\/web\/wp-json\/wp\/v2\/comments?post=227153"}],"version-history":[{"count":1,"href":"https:\/\/malamboradio.com\/web\/wp-json\/wp\/v2\/posts\/227153\/revisions"}],"predecessor-version":[{"id":227158,"href":"https:\/\/malamboradio.com\/web\/wp-json\/wp\/v2\/posts\/227153\/revisions\/227158"}],"wp:featuredmedia":[{"embeddable":true,"href":"https:\/\/malamboradio.com\/web\/wp-json\/wp\/v2\/media\/227157"}],"wp:attachment":[{"href":"https:\/\/malamboradio.com\/web\/wp-json\/wp\/v2\/media?parent=227153"}],"wp:term":[{"taxonomy":"category","embeddable":true,"href":"https:\/\/malamboradio.com\/web\/wp-json\/wp\/v2\/categories?post=227153"},{"taxonomy":"post_tag","embeddable":true,"href":"https:\/\/malamboradio.com\/web\/wp-json\/wp\/v2\/tags?post=227153"}],"curies":[{"name":"wp","href":"https:\/\/api.w.org\/{rel}","templated":true}]}}