{"id":226998,"date":"2024-04-19T06:49:07","date_gmt":"2024-04-19T11:49:07","guid":{"rendered":"https:\/\/malamboradio.com\/web\/?p=226998"},"modified":"2024-04-19T06:49:10","modified_gmt":"2024-04-19T11:49:10","slug":"acuerdo-sena-alcaldia-de-barranquilla-busca-beneficiar-personas-con-discapacidad","status":"publish","type":"post","link":"https:\/\/malamboradio.com\/web\/2024\/04\/19\/acuerdo-sena-alcaldia-de-barranquilla-busca-beneficiar-personas-con-discapacidad\/","title":{"rendered":"ACUERDO SENA-ALCALDIA DE BARRANQUILLA BUSCA BENEFICIAR PERSONAS CON DISCAPACIDAD."},"content":{"rendered":"\n<p><\/p>\n\n\n\n<p class=\"has-text-align-justify\">La Alcald\u00eda Distrital de Barranquilla y el Sena regional Atl\u00e1ntico dio a conocer su complacencia por la firma de un Memorando de Entendimiento, con el prop\u00f3sito de estrechar lazos de cooperaci\u00f3n y certificar por competencias laborales a personas con discapacidad y sus cuidadores.<br>El sena n cumplimiento de su misi\u00f3n institucional de ayudar a fortalecer las oportunidades a la poblaci\u00f3n con discapacidad en temas de formaci\u00f3n, empleo y emprendimiento, que les permita mejorar su calidad de vida y empoderarlos.<\/p>\n\n\n\n<p class=\"has-text-align-justify\">Jacqueline Rojas, directora SENA Atl\u00e1ntico afirm\u00f3: \u201cEstoy feliz de que desde el SENA se puedan seguir dando alianzas tan poderosas, que vayan encaminadas a la misionalidad de la entidad, que es brindar a toda la poblaci\u00f3n oportunidades de formaci\u00f3n para transformar y mejorar su calidad de vida. Sobre todo, reconociendo una labor a la que muchas personas se han dedicado a lo largo de su vida, certificando esas habilidades y saberes\u201d<\/p>\n\n\n\n<p class=\"has-text-align-justify\">3.780 personas pertenecientes a esta poblaci\u00f3n con discapacidad se han venido capacitando en cursos complementarios, para mejorar su perfil ocupacional y\/o crear sus propias unidades productivas. Desde el 2023 y lo que va de 2024, As\u00ed mismo, sus cuidadores han recibido esa formaci\u00f3n para que todos vayan hacia el mismo camino.<br>\u201cDesde la oficina de Poblaciones Vulnerables de nuestra regional hemos hecho una serie de compromisos que nos permiten promover la inclusi\u00f3n de personas con discapacidad, ofreci\u00e9ndoles formaci\u00f3n t\u00e9cnica, tecn\u00f3loga, complementaria y fomentando espacios de orientaci\u00f3n ocupacional y divulgaci\u00f3n de la oferta institucional. De igual forma, deseamos que sus cuidadores reciban formaci\u00f3n de calidad y que su labor sea reconocida. Sin duda, esta uni\u00f3n representa un impacto positivo y significativo en la ciudad\u201d, finaliz\u00f3 la directora.<br>Recordemos que el a\u00f1o pasado la Regional Atl\u00e1ntico en alianza con G\u00e9stica realiz\u00f3 una oferta cerrada para que j\u00f3venes y adultos con discapacidad auditiva se formaran como T\u00e9cnicos en Operaciones Comerciales.<\/p>\n","protected":false},"excerpt":{"rendered":"<p>La Alcald\u00eda Distrital de Barranquilla y el Sena regional Atl\u00e1ntico dio a conocer su complacencia por la firma de un Memorando de Entendimiento, con el prop\u00f3sito de estrechar lazos de cooperaci\u00f3n y certificar por competencias laborales a personas con discapacidad y sus cuidadores.El sena n cumplimiento de su misi\u00f3n institucional de ayudar a fortalecer las&#8230;<\/p>\n","protected":false},"author":1,"featured_media":226999,"comment_status":"closed","ping_status":"closed","sticky":false,"template":"","format":"standard","meta":[],"categories":[60,80,56,98],"tags":[],"jetpack_sharing_enabled":true,"jetpack_featured_media_url":"https:\/\/malamboradio.com\/web\/wp-content\/uploads\/2024\/04\/sena-y-alcaldia-de-de-barra_9912584_20240418112923.jpg","_links":{"self":[{"href":"https:\/\/malamboradio.com\/web\/wp-json\/wp\/v2\/posts\/226998"}],"collection":[{"href":"https:\/\/malamboradio.com\/web\/wp-json\/wp\/v2\/posts"}],"about":[{"href":"https:\/\/malamboradio.com\/web\/wp-json\/wp\/v2\/types\/post"}],"author":[{"embeddable":true,"href":"https:\/\/malamboradio.com\/web\/wp-json\/wp\/v2\/users\/1"}],"replies":[{"embeddable":true,"href":"https:\/\/malamboradio.com\/web\/wp-json\/wp\/v2\/comments?post=226998"}],"version-history":[{"count":1,"href":"https:\/\/malamboradio.com\/web\/wp-json\/wp\/v2\/posts\/226998\/revisions"}],"predecessor-version":[{"id":227000,"href":"https:\/\/malamboradio.com\/web\/wp-json\/wp\/v2\/posts\/226998\/revisions\/227000"}],"wp:featuredmedia":[{"embeddable":true,"href":"https:\/\/malamboradio.com\/web\/wp-json\/wp\/v2\/media\/226999"}],"wp:attachment":[{"href":"https:\/\/malamboradio.com\/web\/wp-json\/wp\/v2\/media?parent=226998"}],"wp:term":[{"taxonomy":"category","embeddable":true,"href":"https:\/\/malamboradio.com\/web\/wp-json\/wp\/v2\/categories?post=226998"},{"taxonomy":"post_tag","embeddable":true,"href":"https:\/\/malamboradio.com\/web\/wp-json\/wp\/v2\/tags?post=226998"}],"curies":[{"name":"wp","href":"https:\/\/api.w.org\/{rel}","templated":true}]}}