{"id":226833,"date":"2024-04-17T12:19:21","date_gmt":"2024-04-17T17:19:21","guid":{"rendered":"https:\/\/malamboradio.com\/web\/?p=226833"},"modified":"2024-04-17T12:19:23","modified_gmt":"2024-04-17T17:19:23","slug":"para-analizar-situacion-en-cauca-el-gobierno-central-se-reune-con-altos-mandos-militares","status":"publish","type":"post","link":"https:\/\/malamboradio.com\/web\/2024\/04\/17\/para-analizar-situacion-en-cauca-el-gobierno-central-se-reune-con-altos-mandos-militares\/","title":{"rendered":"PARA ANALIZAR SITUACI\u00d3N EN CAUCA EL GOBIERNO CENTRAL SE RE\u00daNE CON ALTOS MANDOS MILITARES"},"content":{"rendered":"\n<p class=\"has-text-align-justify\"><br>La delicada situaci\u00f3n de orden p\u00fablico que se vive en el Cauca, oblig\u00f3 al gobierno central se reunirse ayer martes con altos mandos militares para analizar la situaci\u00f3n y definir acciones para el departamento.<br>Los enfrentamientos en el departamento del Cauca exigieron que el Gobierno tomara medidas en conjunto con las fuerzas militares de manera urgente.<\/p>\n\n\n\n<p class=\"has-text-align-justify\">En representaci\u00f3n del gobierno estuvieron la vicepresidenta Francia M\u00e1rquez, el ministro del interior Luis Fernando Velasco, el alto Comisionado para la paz, Otty Pati\u00f1o, el director de la Polic\u00eda, William Salamanca y el comandante de las Fuerzas Militares, General Helder Giraldo.<\/p>\n\n\n\n<p class=\"has-text-align-justify\">El Ministerio de Defensa, sustent\u00f3 que en el encuentro tambi\u00e9n estuvieron senadores, \u201cpara abordar la preocupante situaci\u00f3n en el departamento. Los senadores reconocen el trabajo en curso para garantizar estabilidad y control del territorio, y manifiestan su apoyo y colaboraci\u00f3n en la recuperaci\u00f3n y tranquilidad de sus comunidades\u201d.<\/p>\n\n\n\n<p class=\"has-text-align-justify\">\u201cSeguimos trabajando sin pausa para garantizar condiciones de dignidad, paz y tranquilidad para todas y todos los caucanos\u201d, se\u00f1alaron desde la Vicepresidencia.<\/p>\n\n\n\n<p class=\"has-text-align-justify\">Actualmente se tiene grandes afectaciones de orden p\u00fablico en el Cauca por varias causas y enfrentamientos con grupos armados, uno de estos es de las disidencias de las Farc y sus bloques en esta zona del pa\u00eds y sus desencuentros con el gobierno nacional en la mesa de los di\u00e1logos de paz y por tanto tampoco hay cese al fuego acordado.<\/p>\n","protected":false},"excerpt":{"rendered":"<p>La delicada situaci\u00f3n de orden p\u00fablico que se vive en el Cauca, oblig\u00f3 al gobierno central se reunirse ayer martes con altos mandos militares para analizar la situaci\u00f3n y definir acciones para el departamento.Los enfrentamientos en el departamento del Cauca exigieron que el Gobierno tomara medidas en conjunto con las fuerzas militares de manera urgente&#8230;.<\/p>\n","protected":false},"author":1,"featured_media":226834,"comment_status":"closed","ping_status":"closed","sticky":false,"template":"","format":"standard","meta":[],"categories":[99,83,56],"tags":[],"jetpack_sharing_enabled":true,"jetpack_featured_media_url":"https:\/\/malamboradio.com\/web\/wp-content\/uploads\/2024\/04\/gobierno-se-reune-con-mandos-militares_9902172_20240416200920.jpg","_links":{"self":[{"href":"https:\/\/malamboradio.com\/web\/wp-json\/wp\/v2\/posts\/226833"}],"collection":[{"href":"https:\/\/malamboradio.com\/web\/wp-json\/wp\/v2\/posts"}],"about":[{"href":"https:\/\/malamboradio.com\/web\/wp-json\/wp\/v2\/types\/post"}],"author":[{"embeddable":true,"href":"https:\/\/malamboradio.com\/web\/wp-json\/wp\/v2\/users\/1"}],"replies":[{"embeddable":true,"href":"https:\/\/malamboradio.com\/web\/wp-json\/wp\/v2\/comments?post=226833"}],"version-history":[{"count":1,"href":"https:\/\/malamboradio.com\/web\/wp-json\/wp\/v2\/posts\/226833\/revisions"}],"predecessor-version":[{"id":226835,"href":"https:\/\/malamboradio.com\/web\/wp-json\/wp\/v2\/posts\/226833\/revisions\/226835"}],"wp:featuredmedia":[{"embeddable":true,"href":"https:\/\/malamboradio.com\/web\/wp-json\/wp\/v2\/media\/226834"}],"wp:attachment":[{"href":"https:\/\/malamboradio.com\/web\/wp-json\/wp\/v2\/media?parent=226833"}],"wp:term":[{"taxonomy":"category","embeddable":true,"href":"https:\/\/malamboradio.com\/web\/wp-json\/wp\/v2\/categories?post=226833"},{"taxonomy":"post_tag","embeddable":true,"href":"https:\/\/malamboradio.com\/web\/wp-json\/wp\/v2\/tags?post=226833"}],"curies":[{"name":"wp","href":"https:\/\/api.w.org\/{rel}","templated":true}]}}