{"id":222836,"date":"2024-02-06T21:09:44","date_gmt":"2024-02-07T02:09:44","guid":{"rendered":"https:\/\/malamboradio.com\/web\/?p=222836"},"modified":"2024-02-06T21:09:47","modified_gmt":"2024-02-07T02:09:47","slug":"en-caida-de-su-helicoptero-personal-muere-ex-mandatario-de-los-chilenos","status":"publish","type":"post","link":"https:\/\/malamboradio.com\/web\/2024\/02\/06\/en-caida-de-su-helicoptero-personal-muere-ex-mandatario-de-los-chilenos\/","title":{"rendered":"EN CAIDA DE SU HELICOPTERO PERSONAL MUERE EX-MANDATARIO DE LOS CHILENOS."},"content":{"rendered":"\n<p class=\"has-text-align-justify\">Hoy martes 6 de febrero en horas de la tarde  el expresidente de Chile, Sebasti\u00e1n Pi\u00f1era, sufri\u00f3 un fatal accidente luego de que el helic\u00f3ptero en el cual se movilizaba se precipitara a tierra. El tr\u00e1gico accidente registr\u00f3 en la regi\u00f3n de Lago Ranco, con el helic\u00f3ptero donde  se movilizaba  <\/p>\n\n\n\n<p class=\"has-text-align-justify\">El exmandatario y multimillonario Sebastian Pi\u00f1era,   iba en el helic\u00f3ptero junto a tres personas, una de ellas una mujer y la otra su hija, ambas sobrevivieron al accidente. En esa zona del sur de Chile, Pi\u00f1era, ten\u00eda una casa en Bah\u00eda Coique, donde todos los veranos sobrevolaban la regi\u00f3n del Lago Ranco.<\/p>\n\n\n\n<p class=\"has-text-align-justify\">Seg\u00fan reportan versiones preliminares, el clima y  las condiciones de vuelo complicadas fueron un factor determinante ya que era un d\u00eda bastante  lluvioso. El h\u00e9licoptero en el que iba el presidente era un modelo Robinson R6.<\/p>\n\n\n\n<p class=\"has-text-align-justify\">El accidente se produjo al sur de Chileen un  helic\u00f3ptero  privado de propiedad del mismo  expresidente,  Pi\u00f1era.<\/p>\n","protected":false},"excerpt":{"rendered":"<p>Hoy martes 6 de febrero en horas de la tarde el expresidente de Chile, Sebasti\u00e1n Pi\u00f1era, sufri\u00f3 un fatal accidente luego de que el helic\u00f3ptero en el cual se movilizaba se precipitara a tierra. El tr\u00e1gico accidente registr\u00f3 en la regi\u00f3n de Lago Ranco, con el helic\u00f3ptero donde se movilizaba El exmandatario y multimillonario Sebastian&#8230;<\/p>\n","protected":false},"author":1,"featured_media":222837,"comment_status":"closed","ping_status":"closed","sticky":false,"template":"","format":"standard","meta":[],"categories":[70,56,79],"tags":[],"jetpack_sharing_enabled":true,"jetpack_featured_media_url":"https:\/\/malamboradio.com\/web\/wp-content\/uploads\/2024\/02\/sebastian-pinera_9475751_20240206142639.jpg","_links":{"self":[{"href":"https:\/\/malamboradio.com\/web\/wp-json\/wp\/v2\/posts\/222836"}],"collection":[{"href":"https:\/\/malamboradio.com\/web\/wp-json\/wp\/v2\/posts"}],"about":[{"href":"https:\/\/malamboradio.com\/web\/wp-json\/wp\/v2\/types\/post"}],"author":[{"embeddable":true,"href":"https:\/\/malamboradio.com\/web\/wp-json\/wp\/v2\/users\/1"}],"replies":[{"embeddable":true,"href":"https:\/\/malamboradio.com\/web\/wp-json\/wp\/v2\/comments?post=222836"}],"version-history":[{"count":1,"href":"https:\/\/malamboradio.com\/web\/wp-json\/wp\/v2\/posts\/222836\/revisions"}],"predecessor-version":[{"id":222838,"href":"https:\/\/malamboradio.com\/web\/wp-json\/wp\/v2\/posts\/222836\/revisions\/222838"}],"wp:featuredmedia":[{"embeddable":true,"href":"https:\/\/malamboradio.com\/web\/wp-json\/wp\/v2\/media\/222837"}],"wp:attachment":[{"href":"https:\/\/malamboradio.com\/web\/wp-json\/wp\/v2\/media?parent=222836"}],"wp:term":[{"taxonomy":"category","embeddable":true,"href":"https:\/\/malamboradio.com\/web\/wp-json\/wp\/v2\/categories?post=222836"},{"taxonomy":"post_tag","embeddable":true,"href":"https:\/\/malamboradio.com\/web\/wp-json\/wp\/v2\/tags?post=222836"}],"curies":[{"name":"wp","href":"https:\/\/api.w.org\/{rel}","templated":true}]}}