{"id":222793,"date":"2024-02-06T08:35:57","date_gmt":"2024-02-06T13:35:57","guid":{"rendered":"https:\/\/malamboradio.com\/web\/?p=222793"},"modified":"2024-02-06T08:36:00","modified_gmt":"2024-02-06T13:36:00","slug":"investigacion-criminal-de-la-sijin-capturan-en-flagracia-mujer-que-prostituia-menores","status":"publish","type":"post","link":"https:\/\/malamboradio.com\/web\/2024\/02\/06\/investigacion-criminal-de-la-sijin-capturan-en-flagracia-mujer-que-prostituia-menores\/","title":{"rendered":"INVESTIGACION CRIMINAL DE LA SIJIN CAPTURAN EN FLAGRACIA  MUJER QUE PROSTITU\u00cdA MENORES."},"content":{"rendered":"\n<p class=\"has-text-align-justify\">En un establecimiento del centro de la ciudad, en Barranquilla.  las autoridades, Unidades de la Seccional de Investigaci\u00f3n Criminal Sij\u00edn detuvieron  a una mujer que fue identificada mas tarde como Ana P\u00e9rez Montes. La detenci\u00f3n se present\u00f3  en flagrancia y es se\u00f1alada por el delito de est\u00edmulo a la prostituci\u00f3n de menores de edad, en un establecimiento abierto al p\u00fablico en el Centro de Barranquilla.<\/p>\n\n\n\n<p class=\"has-text-align-justify\">P\u00e9rez Montes, ser\u00eda la administradora de este establecimiento comercial, el cual era utilizado presuntamente para la pr\u00e1ctica de actos sexuales con  menores de edad.<\/p>\n\n\n\n<p class=\"has-text-align-justify\">La Polic\u00eda inform\u00f3 adem\u00e1s que durante este operativo lograron el restablecimiento de derechos de una joven de 17 a\u00f1os de edad, quien al parecer estar\u00eda realizando actos sexuales en este lugar a cambio de dinero.<\/p>\n\n\n\n<p class=\"has-text-align-justify\">El establecimiento abierto al p\u00fablico fue suspendido temporalmente  de la actividad, seg\u00fan lo establecido en el C\u00f3digo Nacional de Seguridad y Convivencia Ciudadana.<\/p>\n","protected":false},"excerpt":{"rendered":"<p>En un establecimiento del centro de la ciudad, en Barranquilla. las autoridades, Unidades de la Seccional de Investigaci\u00f3n Criminal Sij\u00edn detuvieron a una mujer que fue identificada mas tarde como Ana P\u00e9rez Montes. La detenci\u00f3n se present\u00f3 en flagrancia y es se\u00f1alada por el delito de est\u00edmulo a la prostituci\u00f3n de menores de edad, en&#8230;<\/p>\n","protected":false},"author":1,"featured_media":222794,"comment_status":"closed","ping_status":"closed","sticky":false,"template":"","format":"standard","meta":[],"categories":[99,68,56],"tags":[],"jetpack_sharing_enabled":true,"jetpack_featured_media_url":"https:\/\/malamboradio.com\/web\/wp-content\/uploads\/2024\/02\/Ana-Perez-Montes-capturada._0.jpeg","_links":{"self":[{"href":"https:\/\/malamboradio.com\/web\/wp-json\/wp\/v2\/posts\/222793"}],"collection":[{"href":"https:\/\/malamboradio.com\/web\/wp-json\/wp\/v2\/posts"}],"about":[{"href":"https:\/\/malamboradio.com\/web\/wp-json\/wp\/v2\/types\/post"}],"author":[{"embeddable":true,"href":"https:\/\/malamboradio.com\/web\/wp-json\/wp\/v2\/users\/1"}],"replies":[{"embeddable":true,"href":"https:\/\/malamboradio.com\/web\/wp-json\/wp\/v2\/comments?post=222793"}],"version-history":[{"count":1,"href":"https:\/\/malamboradio.com\/web\/wp-json\/wp\/v2\/posts\/222793\/revisions"}],"predecessor-version":[{"id":222795,"href":"https:\/\/malamboradio.com\/web\/wp-json\/wp\/v2\/posts\/222793\/revisions\/222795"}],"wp:featuredmedia":[{"embeddable":true,"href":"https:\/\/malamboradio.com\/web\/wp-json\/wp\/v2\/media\/222794"}],"wp:attachment":[{"href":"https:\/\/malamboradio.com\/web\/wp-json\/wp\/v2\/media?parent=222793"}],"wp:term":[{"taxonomy":"category","embeddable":true,"href":"https:\/\/malamboradio.com\/web\/wp-json\/wp\/v2\/categories?post=222793"},{"taxonomy":"post_tag","embeddable":true,"href":"https:\/\/malamboradio.com\/web\/wp-json\/wp\/v2\/tags?post=222793"}],"curies":[{"name":"wp","href":"https:\/\/api.w.org\/{rel}","templated":true}]}}