{"id":219942,"date":"2023-12-24T05:14:25","date_gmt":"2023-12-24T10:14:25","guid":{"rendered":"https:\/\/malamboradio.com\/web\/?p=219942"},"modified":"2023-12-24T05:14:28","modified_gmt":"2023-12-24T10:14:28","slug":"presidente-anuncia-consejo-de-seguridad-tras-asesinato-del-alcalde-de-guachene","status":"publish","type":"post","link":"https:\/\/malamboradio.com\/web\/2023\/12\/24\/presidente-anuncia-consejo-de-seguridad-tras-asesinato-del-alcalde-de-guachene\/","title":{"rendered":"PRESIDENTE ANUNCIA CONSEJO DE SEGURIDAD TRAS ASESINATO DEL ALCALDE DE GUACHEN\u00c9"},"content":{"rendered":"\n<p class=\"has-text-align-justify\">El presidente, Gustavo Petro, rompi\u00f3 su silencio frente al asesinato del alcalde del municipio Guachen\u00e9, Elmer Abon\u00eda Rodr\u00edguez, al lamentar su asesinato y anunci\u00f3 \u201cdecisiones\u201d frente a la violencia desbordada en el Cauca. Petro anuncia consejo de seguridad, luego del asesinato del alcalde de Guachan\u00e9 que gener\u00f3 el repudio en la sociedad colombiana y visibiliz\u00f3 la dif\u00edcil situaci\u00f3n de seguridad que atraviesa el departamento del Cauca, donde el mismo d\u00eda cinco personas fueron masacradas.<\/p>\n\n\n\n<p class=\"has-text-align-justify\">\u201cRepudio el asesinato del alcalde de Guachen\u00e9, Cauca, Elmer Abon\u00eda Rodr\u00edguez\u201d, escribi\u00f3 en su cuenta de X, y convoc\u00f3 a un consejo de seguridad \u201cpara tomar decisiones sobre el Cauca\u201d. El hecho que ha generado rechazo y consternaci\u00f3n ocurri\u00f3 en la tarde del viernes, cuando el mandatario y su escolta fueron atacados por desconocidos que portaban armas de fuego, mientras visitaban una zona rural de ese municipio.<\/p>\n\n\n\n<p class=\"has-text-align-justify\">Abon\u00eda Rodr\u00edguez fue llevado al hospital de Puerto Tejada y all\u00ed falleci\u00f3, mientras que su escolta contin\u00faa gravemente herido. Personas cercanas al mandatario asesinado lamentaron lo ocurrido. Ronald Mayorga, ex secretario de Cultura de Cali, calific\u00f3 a Abon\u00eda Rodr\u00edguez como \u201cun gran tipo. La guerra no se ha ido, ni se quiere ir. Qu\u00e9 triste esto. Paz en su tumba\u201d.<\/p>\n\n\n\n<p class=\"has-text-align-justify\">M\u00e1bel Lara, designada secretaria de Turismo del alcalde entrante de Cali, Alejandro Eder, tambi\u00e9n expres\u00f3 su dolor por el crimen. \u201cNo solo conoc\u00ed a Elmer, caminamos el Norte del Cauca. Nos vimos recientemente en Puerto Tejada y hablamos del potencial de una regi\u00f3n otrora capital cacaotera del mundo. Lamentable y muy dolorosa la noticia de su asesinato,  manifest\u00f3.<\/p>\n\n\n\n<p class=\"has-text-align-justify\">NOTICIAS RECOMENDADAS<br>Del crimen del Alcalde de Guachen\u00e9 se ocup\u00f3 hasta el representante especial del Secretario General de la ONU en Colombia, Carlos Ruiz Massieu, quien hoy se manifest\u00f3 sobre lo ocurrido. \u201cEs imperativo frenar la violencia en el departamento y avanzar hacia consolidaci\u00f3n de la paz en los territorios. Toda mi solidaridad con su familia\u201d, escribi\u00f3 desde su cuenta de X.<\/p>\n\n\n\n<p class=\"has-text-align-justify\">Seg\u00fan Indepaz, el Alcalde asesinado fue asaltado en diciembre de 2022 por un grupo que hurt\u00f3 el veh\u00edculo en el que se transportaba, mientras que la Defensor\u00eda del Pueblo hab\u00eda alertado del escenario de riesgo al que se enfrentan quienes dedican su vida a la defensa de derechos humanos.<br>En Cauca, de hecho, en el transcurso de la semana (del 16 al 22 de diciembre) ocurrieron 11 hechos violentos.<\/p>\n\n\n\n<p class=\"has-text-align-justify\">El 16 en Torib\u00edo asesinaron al l\u00edder ind\u00edgena Marino Pav\u00ed Julicue. El 19 en P\u00e1ez y en Santander de Quilichao asesinaron a dos mujeres. El 20 asesinaron al l\u00edder campesino, Carlos Quijano, en Silvia; secuestraron a una ni\u00f1a y a su padre en Corinto; y asesinaron en Piendam\u00f3 a un menor de 16 a\u00f1os, quien se hab\u00eda desmovilizado de las disidencias.  El 21 ocurrieron dos  asesinatos, uno en Torib\u00edo y el otro en Caloto; un d\u00eda despu\u00e9s, previo al asesinato del alcalde de Guachan\u00e9, tambi\u00e9n hubo otro crimen en Buenos Aires.<\/p>\n\n\n\n<p><\/p>\n","protected":false},"excerpt":{"rendered":"<p>El presidente, Gustavo Petro, rompi\u00f3 su silencio frente al asesinato del alcalde del municipio Guachen\u00e9, Elmer Abon\u00eda Rodr\u00edguez, al lamentar su asesinato y anunci\u00f3 \u201cdecisiones\u201d frente a la violencia desbordada en el Cauca. Petro anuncia consejo de seguridad, luego del asesinato del alcalde de Guachan\u00e9 que gener\u00f3 el repudio en la sociedad colombiana y visibiliz\u00f3&#8230;<\/p>\n","protected":false},"author":1,"featured_media":219943,"comment_status":"closed","ping_status":"closed","sticky":false,"template":"","format":"standard","meta":[],"categories":[99,1,56],"tags":[],"jetpack_sharing_enabled":true,"jetpack_featured_media_url":"https:\/\/malamboradio.com\/web\/wp-content\/uploads\/2023\/12\/PETRO-PDTE-PAINT-1.jpg","_links":{"self":[{"href":"https:\/\/malamboradio.com\/web\/wp-json\/wp\/v2\/posts\/219942"}],"collection":[{"href":"https:\/\/malamboradio.com\/web\/wp-json\/wp\/v2\/posts"}],"about":[{"href":"https:\/\/malamboradio.com\/web\/wp-json\/wp\/v2\/types\/post"}],"author":[{"embeddable":true,"href":"https:\/\/malamboradio.com\/web\/wp-json\/wp\/v2\/users\/1"}],"replies":[{"embeddable":true,"href":"https:\/\/malamboradio.com\/web\/wp-json\/wp\/v2\/comments?post=219942"}],"version-history":[{"count":1,"href":"https:\/\/malamboradio.com\/web\/wp-json\/wp\/v2\/posts\/219942\/revisions"}],"predecessor-version":[{"id":219944,"href":"https:\/\/malamboradio.com\/web\/wp-json\/wp\/v2\/posts\/219942\/revisions\/219944"}],"wp:featuredmedia":[{"embeddable":true,"href":"https:\/\/malamboradio.com\/web\/wp-json\/wp\/v2\/media\/219943"}],"wp:attachment":[{"href":"https:\/\/malamboradio.com\/web\/wp-json\/wp\/v2\/media?parent=219942"}],"wp:term":[{"taxonomy":"category","embeddable":true,"href":"https:\/\/malamboradio.com\/web\/wp-json\/wp\/v2\/categories?post=219942"},{"taxonomy":"post_tag","embeddable":true,"href":"https:\/\/malamboradio.com\/web\/wp-json\/wp\/v2\/tags?post=219942"}],"curies":[{"name":"wp","href":"https:\/\/api.w.org\/{rel}","templated":true}]}}