{"id":219768,"date":"2023-12-22T11:17:38","date_gmt":"2023-12-22T16:17:38","guid":{"rendered":"https:\/\/malamboradio.com\/web\/?p=219768"},"modified":"2023-12-22T11:17:41","modified_gmt":"2023-12-22T16:17:41","slug":"g-petro-manifiesta-su-desacuerdo-con-impuestos-a-paneles-solares-en-barranquilla","status":"publish","type":"post","link":"https:\/\/malamboradio.com\/web\/2023\/12\/22\/g-petro-manifiesta-su-desacuerdo-con-impuestos-a-paneles-solares-en-barranquilla\/","title":{"rendered":"G. PETRO MANIFIESTA SU DESACUERDO CON IMPUESTOS A PANELES SOLARES EN BARRANQUILLA."},"content":{"rendered":"\n<p class=\"has-text-align-justify\">El presidente, Gustavo Petro, reaccion\u00f3 al acuerdo del Concejo de Barranquilla por el cual se aprob\u00f3 que las personas con paneles solares, sin importar su estrato, paguen un impuesto mensual de aproximadamente 5 millones de pesos.<\/p>\n\n\n\n<p class=\"has-text-align-justify\">\u201cEsta s\u00ed es la tapa. En contrav\u00eda de la humanidad. Si este impuesto se mantiene, la poblaci\u00f3n de Barranquilla no podr\u00e1 beneficiarse de una baja sustancial de tarifas de energ\u00eda\u201d, escribi\u00f3 en su cuenta de X.  y dijo adem\u00e1s: \u201cEl gobierno nacional busca generalizar el uso de la energ\u00eda solar en Barranquilla, este tipo de impuesto lo impide\u201d. Y propuso que el alumbrado p\u00fablico use la energ\u00eda solar para abaratarse. <\/p>\n\n\n\n<p class=\"has-text-align-justify\">En concreto, lo que dice el acuerdo es que \u201cel impuesto al servicio de alumbrado p\u00fablico se determina de acuerdo con la capacidad nominal de las m\u00e1quinas de generaci\u00f3n instaladas, para las personas naturales o jur\u00eddicas que autogeneren y\/o cogeneren energ\u00eda para satisfacer sus necesidades de consumo de energ\u00eda el\u00e9ctrica\u201d. Este  c\u00e1lculo se hace con las cifras que ellos mismos presentaron. Si se tiene una capacidad de generaci\u00f3n instalada de 0 a 5000 KVA deber\u00e1 pagar 114.33 UVT, que en 2023 est\u00e1 en $42.412; es decir, un total de $4.834.968, por lo que no tardaron en surgir reacciones en contra. Lea tambi\u00e9n: JEP asegura que persiste el problema del hackeo: se agrava la situaci\u00f3n<\/p>\n\n\n\n<p class=\"has-text-align-justify\">Sin embargo, minutos despu\u00e9s del pronunciamiento del Presidente, el actual mandatario de la Puerta de Oro dio un parte de tranquilidad: \u201cNo se preocupe, Presidente, en Barranquilla ni se cobra, ni se cobrar\u00e1 impuesto a hogares por utilizar paneles solares o energ\u00edas renovables\u201d.<\/p>\n\n\n\n<p class=\"has-text-align-justify\">\u201cAl contrario, somos quienes m\u00e1s las hemos instalado y promovido. Adem\u00e1s, seguimos esperando visto bueno para construir primer parque e\u00f3lico costa afuera\u201d, a\u00f1adi\u00f3 Jaime Pumarejo.<\/p>\n","protected":false},"excerpt":{"rendered":"<p>El presidente, Gustavo Petro, reaccion\u00f3 al acuerdo del Concejo de Barranquilla por el cual se aprob\u00f3 que las personas con paneles solares, sin importar su estrato, paguen un impuesto mensual de aproximadamente 5 millones de pesos. \u201cEsta s\u00ed es la tapa. En contrav\u00eda de la humanidad. Si este impuesto se mantiene, la poblaci\u00f3n de Barranquilla&#8230;<\/p>\n","protected":false},"author":1,"featured_media":219773,"comment_status":"closed","ping_status":"closed","sticky":false,"template":"","format":"standard","meta":[],"categories":[60,76,56],"tags":[],"jetpack_sharing_enabled":true,"jetpack_featured_media_url":"https:\/\/malamboradio.com\/web\/wp-content\/uploads\/2023\/12\/G-PETRO.jpg","_links":{"self":[{"href":"https:\/\/malamboradio.com\/web\/wp-json\/wp\/v2\/posts\/219768"}],"collection":[{"href":"https:\/\/malamboradio.com\/web\/wp-json\/wp\/v2\/posts"}],"about":[{"href":"https:\/\/malamboradio.com\/web\/wp-json\/wp\/v2\/types\/post"}],"author":[{"embeddable":true,"href":"https:\/\/malamboradio.com\/web\/wp-json\/wp\/v2\/users\/1"}],"replies":[{"embeddable":true,"href":"https:\/\/malamboradio.com\/web\/wp-json\/wp\/v2\/comments?post=219768"}],"version-history":[{"count":1,"href":"https:\/\/malamboradio.com\/web\/wp-json\/wp\/v2\/posts\/219768\/revisions"}],"predecessor-version":[{"id":219774,"href":"https:\/\/malamboradio.com\/web\/wp-json\/wp\/v2\/posts\/219768\/revisions\/219774"}],"wp:featuredmedia":[{"embeddable":true,"href":"https:\/\/malamboradio.com\/web\/wp-json\/wp\/v2\/media\/219773"}],"wp:attachment":[{"href":"https:\/\/malamboradio.com\/web\/wp-json\/wp\/v2\/media?parent=219768"}],"wp:term":[{"taxonomy":"category","embeddable":true,"href":"https:\/\/malamboradio.com\/web\/wp-json\/wp\/v2\/categories?post=219768"},{"taxonomy":"post_tag","embeddable":true,"href":"https:\/\/malamboradio.com\/web\/wp-json\/wp\/v2\/tags?post=219768"}],"curies":[{"name":"wp","href":"https:\/\/api.w.org\/{rel}","templated":true}]}}