{"id":219683,"date":"2023-12-20T09:31:18","date_gmt":"2023-12-20T14:31:18","guid":{"rendered":"https:\/\/malamboradio.com\/web\/?p=219683"},"modified":"2023-12-20T09:31:21","modified_gmt":"2023-12-20T14:31:21","slug":"un-nuevo-episodio-para-alvaro-uribe-argentina-lo-investigaria-por-falsos-positivos","status":"publish","type":"post","link":"https:\/\/malamboradio.com\/web\/2023\/12\/20\/un-nuevo-episodio-para-alvaro-uribe-argentina-lo-investigaria-por-falsos-positivos\/","title":{"rendered":"UN NUEVO EPISODIO PARA ALVARO URIBE: ARGENTINA LO INVESTIGAR\u00cdA POR FALSOS POSITIVOS."},"content":{"rendered":"\n<p class=\"has-text-align-justify\">Seg\u00fan informes, los cr\u00edmenes en cuesti\u00f3n incluyen casos como el de Luis Eduardo O\u00f1ate, \u00c1lvaro Pina Londo\u00f1o, Beyer Ignacio P\u00e9rez, Didier Eduardo Durant, as\u00ed como el asesinato y desaparici\u00f3n forzada de otras siete v\u00edctimas a\u00fan no identificadas. Estas acciones habr\u00edan sido llevadas a cabo por elementos de las Fuerzas Armadas en Colombia. <\/p>\n\n\n\n<p class=\"has-text-align-justify\">El fiscal argentino Carlos Stornelli ha iniciado una causa penal contra el ex presidente de Colombia, \u00c1lvaro Uribe V\u00e9lez, en relaci\u00f3n con los casos de \u00abfalsos positivos\u00bb ocurridos entre 2002 y 2008, que supuestamente resultaron en la ejecuci\u00f3n extrajudicial de hasta 6.112 personas, presentadas como guerrilleras. La denuncia fue presentada por Osmaira Nieves O\u00f1ate, Laura Vanessa Pina, Wilmer Andrey P\u00e9rez Betancourt y Bertina Badillo Herazo. El fiscal Stornelli solicit\u00f3 al juez Sebasti\u00e1n Ramos medidas de prueba, incluida la toma de testimonios de familiares de las v\u00edctimas de estos \u00abfalsos positivos\u00bb.<\/p>\n\n\n\n<p class=\"has-text-align-justify\">El fiscal Stornelli busca determinar la presunta responsabilidad penal de \u00c1lvaro Uribe V\u00e9lez, ex presidente de Colombia y Comandante en Jefe de las Fuerzas Armadas, en cr\u00edmenes de guerra y lesa humanidad ocurridos entre agosto de 2002 y diciembre de 2008.<\/p>\n\n\n\n<p class=\"has-text-align-justify\">La denuncia se presenta en Argentina en virtud del art\u00edculo 118 de la Constituci\u00f3n Nacional, ley 26.200, basada en el Estatuto de Roma de la Corte Penal Internacional, que establece el principio de jurisdicci\u00f3n universal. La fiscal\u00eda argentina ha solicitado la cooperaci\u00f3n de Colombia para obtener copias de actas de reuniones internas y comunicaciones realizadas entre 2002 y 2010 relacionadas con conductas vinculadas a asesinatos y desapariciones forzadas de civiles ileg\u00edtimamente presentados como bajas en combate.<\/p>\n","protected":false},"excerpt":{"rendered":"<p>Seg\u00fan informes, los cr\u00edmenes en cuesti\u00f3n incluyen casos como el de Luis Eduardo O\u00f1ate, \u00c1lvaro Pina Londo\u00f1o, Beyer Ignacio P\u00e9rez, Didier Eduardo Durant, as\u00ed como el asesinato y desaparici\u00f3n forzada de otras siete v\u00edctimas a\u00fan no identificadas. Estas acciones habr\u00edan sido llevadas a cabo por elementos de las Fuerzas Armadas en Colombia. El fiscal argentino&#8230;<\/p>\n","protected":false},"author":1,"featured_media":219684,"comment_status":"closed","ping_status":"closed","sticky":false,"template":"","format":"standard","meta":[],"categories":[70,56,91],"tags":[],"jetpack_sharing_enabled":true,"jetpack_featured_media_url":"https:\/\/malamboradio.com\/web\/wp-content\/uploads\/2023\/12\/alvaro-uribe-.jpg","_links":{"self":[{"href":"https:\/\/malamboradio.com\/web\/wp-json\/wp\/v2\/posts\/219683"}],"collection":[{"href":"https:\/\/malamboradio.com\/web\/wp-json\/wp\/v2\/posts"}],"about":[{"href":"https:\/\/malamboradio.com\/web\/wp-json\/wp\/v2\/types\/post"}],"author":[{"embeddable":true,"href":"https:\/\/malamboradio.com\/web\/wp-json\/wp\/v2\/users\/1"}],"replies":[{"embeddable":true,"href":"https:\/\/malamboradio.com\/web\/wp-json\/wp\/v2\/comments?post=219683"}],"version-history":[{"count":1,"href":"https:\/\/malamboradio.com\/web\/wp-json\/wp\/v2\/posts\/219683\/revisions"}],"predecessor-version":[{"id":219685,"href":"https:\/\/malamboradio.com\/web\/wp-json\/wp\/v2\/posts\/219683\/revisions\/219685"}],"wp:featuredmedia":[{"embeddable":true,"href":"https:\/\/malamboradio.com\/web\/wp-json\/wp\/v2\/media\/219684"}],"wp:attachment":[{"href":"https:\/\/malamboradio.com\/web\/wp-json\/wp\/v2\/media?parent=219683"}],"wp:term":[{"taxonomy":"category","embeddable":true,"href":"https:\/\/malamboradio.com\/web\/wp-json\/wp\/v2\/categories?post=219683"},{"taxonomy":"post_tag","embeddable":true,"href":"https:\/\/malamboradio.com\/web\/wp-json\/wp\/v2\/tags?post=219683"}],"curies":[{"name":"wp","href":"https:\/\/api.w.org\/{rel}","templated":true}]}}