{"id":219672,"date":"2023-12-20T09:14:21","date_gmt":"2023-12-20T14:14:21","guid":{"rendered":"https:\/\/malamboradio.com\/web\/?p=219672"},"modified":"2023-12-20T09:14:24","modified_gmt":"2023-12-20T14:14:24","slug":"por-ninos-abandonados-en-aeropuerto-el-dorado-procuraduria-exige-respuestas-urgentes","status":"publish","type":"post","link":"https:\/\/malamboradio.com\/web\/2023\/12\/20\/por-ninos-abandonados-en-aeropuerto-el-dorado-procuraduria-exige-respuestas-urgentes\/","title":{"rendered":"POR NI\u00d1OS ABANDONADOS EN AEROPUERTO EL DORADO PROCURADURIA EXIGE RESPUESTAS URGENTES."},"content":{"rendered":"\n<p class=\"has-text-align-justify\">La Procuradur\u00eda General de la Naci\u00f3n solicit\u00f3 a Migraci\u00f3n Colombia, Polic\u00eda de Infancia y Adolescencia e ICBF, informar de manera urgente sobre el proceso de atenci\u00f3n, acompa\u00f1amiento y seguimiento a los casos de dos menores de edad provenientes de Guinea (\u00c1frica), hallados en el aeropuerto El Dorado, luego de permanecer all\u00ed sin ser advertida por las autoridades.<\/p>\n\n\n\n<p class=\"has-text-align-justify\">En comunicaci\u00f3n firmada por el procurador delegado para la Defensa de los Derechos Humanos, Javier Sarmiento Olarte, adem\u00e1s de expresar su preocupaci\u00f3n por la ocurrencia de estas situaciones, requiri\u00f3 informaci\u00f3n sobre las estrategias y capacidades institucionales para prevenir estos casos, el registro de otros posibles eventos en los que menores migrantes no acompa\u00f1ados, separados de sus familias y abandonados, hayan sido identificados en aeropuertos del pa\u00eds.<\/p>\n\n\n\n<p>Por su parte la Procuradora delegada para la Defensa de los Derechos de la Infancia, Adolescencia, la Familia y la Mujer, Viviana Mora, le pidi\u00f3 al directos de Migraci\u00f3n Colombia, informar c\u00f3mo se realiz\u00f3 la verificaci\u00f3n y control migratorio de los menores de edad, los documentos presentados y la relaci\u00f3n de parentesco de las personas con quienes viajaban.<\/p>\n\n\n\n<p class=\"has-text-align-justify\">Finalmente, la Procuradur\u00eda solicit\u00f3 se explicara puntualmente sobre las labores de articulaci\u00f3n entre las mencionadas entidades frente a la atenci\u00f3n del caso en cuesti\u00f3n. Estos requerimientos se suman a las alertas emitidas por el ente de control a trav\u00e9s de espacios institucionales e informes preventivos sobre el particular y que advierte, entre otros hallazgos, el tr\u00e1nsito por el pa\u00eds de personas de m\u00e1s de veinte (20) nacionalidades, la presencia de menores no acompa\u00f1ados, as\u00ed como de las violaciones a los derechos humanos de la que son v\u00edctimas por parte de los grupos armados ilegales.<\/p>\n\n\n\n<p class=\"has-text-align-justify\"><\/p>\n\n\n\n<p><\/p>\n","protected":false},"excerpt":{"rendered":"<p>La Procuradur\u00eda General de la Naci\u00f3n solicit\u00f3 a Migraci\u00f3n Colombia, Polic\u00eda de Infancia y Adolescencia e ICBF, informar de manera urgente sobre el proceso de atenci\u00f3n, acompa\u00f1amiento y seguimiento a los casos de dos menores de edad provenientes de Guinea (\u00c1frica), hallados en el aeropuerto El Dorado, luego de permanecer all\u00ed sin ser advertida por&#8230;<\/p>\n","protected":false},"author":1,"featured_media":219673,"comment_status":"closed","ping_status":"closed","sticky":false,"template":"","format":"standard","meta":[],"categories":[60,1,56],"tags":[],"jetpack_sharing_enabled":true,"jetpack_featured_media_url":"https:\/\/malamboradio.com\/web\/wp-content\/uploads\/2023\/12\/abandonados-El-Dorado-2012-1068x725-1.jpg","_links":{"self":[{"href":"https:\/\/malamboradio.com\/web\/wp-json\/wp\/v2\/posts\/219672"}],"collection":[{"href":"https:\/\/malamboradio.com\/web\/wp-json\/wp\/v2\/posts"}],"about":[{"href":"https:\/\/malamboradio.com\/web\/wp-json\/wp\/v2\/types\/post"}],"author":[{"embeddable":true,"href":"https:\/\/malamboradio.com\/web\/wp-json\/wp\/v2\/users\/1"}],"replies":[{"embeddable":true,"href":"https:\/\/malamboradio.com\/web\/wp-json\/wp\/v2\/comments?post=219672"}],"version-history":[{"count":1,"href":"https:\/\/malamboradio.com\/web\/wp-json\/wp\/v2\/posts\/219672\/revisions"}],"predecessor-version":[{"id":219674,"href":"https:\/\/malamboradio.com\/web\/wp-json\/wp\/v2\/posts\/219672\/revisions\/219674"}],"wp:featuredmedia":[{"embeddable":true,"href":"https:\/\/malamboradio.com\/web\/wp-json\/wp\/v2\/media\/219673"}],"wp:attachment":[{"href":"https:\/\/malamboradio.com\/web\/wp-json\/wp\/v2\/media?parent=219672"}],"wp:term":[{"taxonomy":"category","embeddable":true,"href":"https:\/\/malamboradio.com\/web\/wp-json\/wp\/v2\/categories?post=219672"},{"taxonomy":"post_tag","embeddable":true,"href":"https:\/\/malamboradio.com\/web\/wp-json\/wp\/v2\/tags?post=219672"}],"curies":[{"name":"wp","href":"https:\/\/api.w.org\/{rel}","templated":true}]}}