{"id":219667,"date":"2023-12-20T09:04:04","date_gmt":"2023-12-20T14:04:04","guid":{"rendered":"https:\/\/malamboradio.com\/web\/?p=219667"},"modified":"2023-12-20T09:04:06","modified_gmt":"2023-12-20T14:04:06","slug":"de-gran-atractivo-para-el-turismo-calificaron-el-faro-de-puerto-colombia","status":"publish","type":"post","link":"https:\/\/malamboradio.com\/web\/2023\/12\/20\/de-gran-atractivo-para-el-turismo-calificaron-el-faro-de-puerto-colombia\/","title":{"rendered":"DE GRAN ATRACTIVO PARA EL TURISMO CALIFICARON EL FARO DE PUERTO COLOMBIA"},"content":{"rendered":"\n<p class=\"has-text-align-justify\">Por &#8220;La ventana de los sue\u00f1os&#8221; va a ser inolvidable la noche del 18 de diciembre de 2023 porque quedar\u00e1 en la historia de los nativos de Puerto Colombia y el resto del Departamento del Atl\u00e1ntico, con la inaguraci\u00f3n   del faro \u2018Ventana de Sue\u00f1os\u2019, que se perfila como nuevo atractivo tur\u00edstico y que complementar\u00e1 la oferta e infraestructura tur\u00edstica impulsada por la Gobernaci\u00f3n en ese municipio, que seg\u00fan la gobernadora Elsa Noguera es el complemento perfecto para Malec\u00f3n del Mar, ubicado en Puerto Colombia.<\/p>\n\n\n\n<p class=\"has-text-align-justify\">Elsa Noguera, destac\u00f3 que esta majestuosa obra ser\u00e1 un complemento para el Malec\u00f3n del Mar, que est\u00e1 integrado por el Centro Gastron\u00f3mico Internacional, cuya entrega ser\u00e1 este 28 de diciembre. <\/p>\n\n\n\n<p class=\"has-text-align-justify\">\u201cSin duda, este se convertir\u00e1 en un sitio obligado para visitar. Todos los turistas que circulen por Cartagena y Santa Marta van a llegar a Puerto Colombia, al Centro Gastron\u00f3mico Internacional, al muelle, la plaza y al faro, un lugar que nos llena de mucha historia y un lindo relato de esas \u00e9pocas entre 1800 y 1900. El Centro Gastron\u00f3mico es una obra que ya est\u00e1 lista para ser puesta al servicio de los atlanticenses y colombianos este 28 de diciembre. Sin embargo, debido a que los locales est\u00e1n en adecuaci\u00f3n, entre enero y febrero ya estar\u00e1 andando como debe ser\u201d, explic\u00f3 la mandataria departamental.<\/p>\n\n\n\n<p class=\"has-text-align-justify\">Reiter\u00f3 adem\u00e1s que esta obra es un homenaje a los inmigrantes \u201cporque fue precisamente por este lugar por donde llegaron los alemanes, que nos trajeron la receta de la cerveza y la aviaci\u00f3n. Tambi\u00e9n llegaron los ingleses, quienes nos trajeron el primer bal\u00f3n de f\u00fatbol, todos los elementos con los que se construy\u00f3 el muelle mar\u00edtimo y los rieles que llevaban a la aduana de Barranquilla, todo lo relacionado con el desarrollo de Colombia. De igual forma, los italianos nos trajeron la pasta, la pizza, el cine, el arte; los jud\u00edos tambi\u00e9n nos trajeron el comercio internacional. En fin, gracias a todas esas culturas, influencias y al ingeniero cubano Francisco Javier Cisneros, se construy\u00f3 este muelle por donde ingres\u00f3 la modernidad y el desarrollo del pa\u00eds. Por eso, debe considerarse un patrimonio nacional&#8221;. <\/p>\n\n\n\n<p class=\"has-text-align-justify\">Noguera extendi\u00f3 la invitaci\u00f3n a propios y visitantes para que se conecten con ese relato hist\u00f3rico que ofrece Puerto Colombia y que, al mismo tiempo, disfruten de la infraestructura tur\u00edstica del Malec\u00f3n del Mar, que arranca con el muelle reci\u00e9n restaurado, la plaza de 30.000 metros cuadrados de espacio p\u00fablico recuperado, el Centro Gastron\u00f3mico Internacional, el Mercado Saz\u00f3n Atl\u00e1ntico, el ordenamiento de las playas de Miramar y termina en el faro &#8216;La Ventana de los Sue\u00f1os&#8217;.<\/p>\n\n\n\n<p class=\"has-text-align-justify\">Termin\u00f3 diciendo que el centro llevar\u00e1 por nombre &#8216;Muelle 1888&#8217;, que recuerda el a\u00f1o en el que se inici\u00f3 la construcci\u00f3n de la estructura que se convertir\u00eda en el principal terminal mar\u00edtimo de Colombia a principios del siglo XX.<\/p>\n\n\n\n<p class=\"has-text-align-justify\">Para la Direcci\u00f3n General Mar\u00edtima, a trav\u00e9s de la Capitan\u00eda de Puerto de Barranquilla, este faro cumple con todas las normas internacionales establecidas para las ayudas a la navegaci\u00f3n, consta de una linterna marina giratoria (Rotating Beacon) 360\u00b0 LED de alta luminosidad, con una capacidad lum\u00ednica de 20 millas n\u00e1uticas que proporcionar\u00e1 una navegaci\u00f3n segura a los buques que realizan navegaci\u00f3n costera por este departamento. <\/p>\n\n\n\n<p class=\"has-text-align-justify\"><\/p>\n","protected":false},"excerpt":{"rendered":"<p>Por &#8220;La ventana de los sue\u00f1os&#8221; va a ser inolvidable la noche del 18 de diciembre de 2023 porque quedar\u00e1 en la historia de los nativos de Puerto Colombia y el resto del Departamento del Atl\u00e1ntico, con la inaguraci\u00f3n del faro \u2018Ventana de Sue\u00f1os\u2019, que se perfila como nuevo atractivo tur\u00edstico y que complementar\u00e1 la&#8230;<\/p>\n","protected":false},"author":1,"featured_media":219668,"comment_status":"closed","ping_status":"closed","sticky":false,"template":"","format":"standard","meta":[],"categories":[78,80,56],"tags":[],"jetpack_sharing_enabled":true,"jetpack_featured_media_url":"https:\/\/malamboradio.com\/web\/wp-content\/uploads\/2023\/12\/portada_36.jpg","_links":{"self":[{"href":"https:\/\/malamboradio.com\/web\/wp-json\/wp\/v2\/posts\/219667"}],"collection":[{"href":"https:\/\/malamboradio.com\/web\/wp-json\/wp\/v2\/posts"}],"about":[{"href":"https:\/\/malamboradio.com\/web\/wp-json\/wp\/v2\/types\/post"}],"author":[{"embeddable":true,"href":"https:\/\/malamboradio.com\/web\/wp-json\/wp\/v2\/users\/1"}],"replies":[{"embeddable":true,"href":"https:\/\/malamboradio.com\/web\/wp-json\/wp\/v2\/comments?post=219667"}],"version-history":[{"count":1,"href":"https:\/\/malamboradio.com\/web\/wp-json\/wp\/v2\/posts\/219667\/revisions"}],"predecessor-version":[{"id":219669,"href":"https:\/\/malamboradio.com\/web\/wp-json\/wp\/v2\/posts\/219667\/revisions\/219669"}],"wp:featuredmedia":[{"embeddable":true,"href":"https:\/\/malamboradio.com\/web\/wp-json\/wp\/v2\/media\/219668"}],"wp:attachment":[{"href":"https:\/\/malamboradio.com\/web\/wp-json\/wp\/v2\/media?parent=219667"}],"wp:term":[{"taxonomy":"category","embeddable":true,"href":"https:\/\/malamboradio.com\/web\/wp-json\/wp\/v2\/categories?post=219667"},{"taxonomy":"post_tag","embeddable":true,"href":"https:\/\/malamboradio.com\/web\/wp-json\/wp\/v2\/tags?post=219667"}],"curies":[{"name":"wp","href":"https:\/\/api.w.org\/{rel}","templated":true}]}}