{"id":219229,"date":"2023-12-13T17:56:36","date_gmt":"2023-12-13T22:56:36","guid":{"rendered":"https:\/\/malamboradio.com\/web\/?p=219229"},"modified":"2023-12-13T17:58:35","modified_gmt":"2023-12-13T22:58:35","slug":"vera-grave-es-la-nueva-jefa-negociadora-del-gobierno-en-reemplazo-de-otty-patino-para-las-negociaciones-con-el-eln","status":"publish","type":"post","link":"https:\/\/malamboradio.com\/web\/2023\/12\/13\/vera-grave-es-la-nueva-jefa-negociadora-del-gobierno-en-reemplazo-de-otty-patino-para-las-negociaciones-con-el-eln\/","title":{"rendered":"VERA GRAVE ES LA NUEVA JEFA NEGOCIADORA DEL GOBIERNO EN REEMPLAZO DE OTTY PATI\u00d1O."},"content":{"rendered":"\n<p class=\"has-text-align-justify\"><br>El pasado 4 de diciembre bajo un gran hermetismo y sin que se haya detallado la duraci\u00f3n prevista, arranco silenciosamante el nuevo ciclo de conversaciones.<\/p>\n\n\n\n<p class=\"has-text-align-justify\">La nueva jefa negociadora del Gobierno colombiano con la guerrilla del Ej\u00e9rcito de Liberaci\u00f3n Nacional (ELN), Vera Grabe, lleg\u00f3 este mi\u00e9rcoles a Ciudad de M\u00e9xico para incorporarse al quinto ciclo de la Mesa de Di\u00e1logos de Paz, conversaciones  en crisis por los secuestros cometidos por el grupo armado.<\/p>\n\n\n\n<p class=\"has-text-align-justify\">El ELN en la capital mexicana a trav\u00e9s de un mensaje en la red social X. salud\u00f3 con  \u201cBienvenida.  la presencia de la nueva jefa de la delegaci\u00f3n del Gobierno de Colombia, Vera Grabe, en el 5 ciclo de conversaciones en Ciudad de M\u00e9xico\u201d, <\/p>\n\n\n\n<p class=\"has-text-align-justify\">\u201cEsperamos con su llegada seguir desarrollando la Agenda de Di\u00e1logo acordada, que es la hoja de ruta de esta Mesa\u201d, agreg\u00f3 el equipo del ELN. Grabe, exguerrillera del M-19, fue designada este lunes por el presidente colombiano, Gustavo Petro, como jefa negociadora y se convirti\u00f3 as\u00ed en la primera mujer en liderar unas conversaciones de paz en el pa\u00eds.<\/p>\n\n\n\n<p class=\"has-text-align-justify\">En este caso, tendr\u00e1 como contraparte a alias \u201cPablo Beltr\u00e1n\u201d, l\u00edder negociador de la guerrilla y quien tambi\u00e9n se encuentra en Ciudad de M\u00e9xico.<\/p>\n\n\n\n<p class=\"has-text-align-justify\">Grabe, de 72 a\u00f1os, sustituye a Otty Pati\u00f1o, que la pasada semana fue nombrado como nuevo alto comisionado para la Paz.<\/p>\n\n\n\n<p class=\"has-text-align-justify\">Tendr\u00e1 como tarea tomar las riendas de la dif\u00edcil negociaci\u00f3n con la \u00faltima gran guerrilla de Latinoam\u00e9rica, unos di\u00e1logos que fueron retomados hace un a\u00f1o por el Gobierno de Petro pero que pasan ahora por su momento m\u00e1s cr\u00edtico en un ciclo en M\u00e9xico que promete ser decisivo para su futuro.<\/p>\n\n\n\n<p class=\"has-text-align-justify\">A finales del mes pasado, la delegaci\u00f3n de paz del Gobierno anunci\u00f3 que se reunir\u00edan los representantes de ambos equipos para dedicar su esfuerzo a \u201csuperar la crisis por la que atraviesa actualmente el proceso de di\u00e1logos generada por el secuestro del se\u00f1or Luis Manuel D\u00edaz\u201d, padre del futbolista del Liverpool Luis D\u00edaz, quien estuvo 12 d\u00edas en manos del ELN. <\/p>\n\n\n\n<p class=\"has-text-align-justify\">Seg\u00fan datos oficiales, 32 personas han sido v\u00edctimas de secuestro este a\u00f1o por parte del ELN, y al menos cuatro de ellas contin\u00faan en manos de la guerrilla.  En ese sentido, el ELN afirm\u00f3 en dos cartas publicadas recientemente que la mesa de negociaciones vive un momento \u201ccr\u00edtico\u201d que \u201cimpacta la implementaci\u00f3n de los acuerdos parcialmente suscritos hasta ahora, as\u00ed como el desarrollo de la agenda de negociaciones\u201d.<\/p>\n\n\n\n<p class=\"has-text-align-justify\">Como en otras ocasiones, la mesa de di\u00e1logo contar\u00e1 con el acompa\u00f1amiento de representantes de los Gobierno de M\u00e9xico, Brasil, Chile, Noruega y Venezuela como pa\u00edses garantes<\/p>\n\n\n\n<p class=\"has-text-align-justify\">\u201cConfiamos en que, con la disposici\u00f3n de ambas partes y el apoyo de la comunidad internacional, esta nueva ronda de negociaciones en nuestro pa\u00eds abra v\u00edas para alcanzar una soluci\u00f3n definitiva y duradera del conflicto\u201d, indic\u00f3 el comunicado emitido por la Canciller\u00eda mexicana, anfitriona de las conversaciones.<\/p>\n","protected":false},"excerpt":{"rendered":"<p>El pasado 4 de diciembre bajo un gran hermetismo y sin que se haya detallado la duraci\u00f3n prevista, arranco silenciosamante el nuevo ciclo de conversaciones. La nueva jefa negociadora del Gobierno colombiano con la guerrilla del Ej\u00e9rcito de Liberaci\u00f3n Nacional (ELN), Vera Grabe, lleg\u00f3 este mi\u00e9rcoles a Ciudad de M\u00e9xico para incorporarse al quinto ciclo&#8230;<\/p>\n","protected":false},"author":1,"featured_media":219231,"comment_status":"closed","ping_status":"closed","sticky":false,"template":"","format":"standard","meta":[],"categories":[60,56,91],"tags":[],"jetpack_sharing_enabled":true,"jetpack_featured_media_url":"https:\/\/malamboradio.com\/web\/wp-content\/uploads\/2023\/12\/vera-grabe.jpg","_links":{"self":[{"href":"https:\/\/malamboradio.com\/web\/wp-json\/wp\/v2\/posts\/219229"}],"collection":[{"href":"https:\/\/malamboradio.com\/web\/wp-json\/wp\/v2\/posts"}],"about":[{"href":"https:\/\/malamboradio.com\/web\/wp-json\/wp\/v2\/types\/post"}],"author":[{"embeddable":true,"href":"https:\/\/malamboradio.com\/web\/wp-json\/wp\/v2\/users\/1"}],"replies":[{"embeddable":true,"href":"https:\/\/malamboradio.com\/web\/wp-json\/wp\/v2\/comments?post=219229"}],"version-history":[{"count":2,"href":"https:\/\/malamboradio.com\/web\/wp-json\/wp\/v2\/posts\/219229\/revisions"}],"predecessor-version":[{"id":219235,"href":"https:\/\/malamboradio.com\/web\/wp-json\/wp\/v2\/posts\/219229\/revisions\/219235"}],"wp:featuredmedia":[{"embeddable":true,"href":"https:\/\/malamboradio.com\/web\/wp-json\/wp\/v2\/media\/219231"}],"wp:attachment":[{"href":"https:\/\/malamboradio.com\/web\/wp-json\/wp\/v2\/media?parent=219229"}],"wp:term":[{"taxonomy":"category","embeddable":true,"href":"https:\/\/malamboradio.com\/web\/wp-json\/wp\/v2\/categories?post=219229"},{"taxonomy":"post_tag","embeddable":true,"href":"https:\/\/malamboradio.com\/web\/wp-json\/wp\/v2\/tags?post=219229"}],"curies":[{"name":"wp","href":"https:\/\/api.w.org\/{rel}","templated":true}]}}