{"id":219195,"date":"2023-12-13T10:48:09","date_gmt":"2023-12-13T15:48:09","guid":{"rendered":"https:\/\/malamboradio.com\/web\/?p=219195"},"modified":"2023-12-13T10:48:12","modified_gmt":"2023-12-13T15:48:12","slug":"en-la-cumbre-nacional-de-mujeres-electas-participan-120-mandatarias","status":"publish","type":"post","link":"https:\/\/malamboradio.com\/web\/2023\/12\/13\/en-la-cumbre-nacional-de-mujeres-electas-participan-120-mandatarias\/","title":{"rendered":"EN LA  CUMBRE NACIONAL DE MUJERES ELECTAS PARTICIPAN 120 MANDATARIAS ."},"content":{"rendered":"\n<p class=\"has-text-align-justify\">Desde la Cumbre Nacional de Mujeres Electas, las nuevas mandatarias locales de Colombia establecen sus estrategias para contribuir a los derechos de las mujeres colombianas, el desarrollo, la paz y la democracia. Estos son todos los detalles. Este 11 y 12 de diciembre se llev\u00f3  a cabo la Cumbre Nacional de Mujeres Electas en Bogot\u00e1, un espacio que reunir\u00e1 a mujeres electas de todo el pa\u00eds para fijar prioridades en sus planes de desarrollo territorial y, de esta manera, seguir contribuyendo a la garant\u00eda de los derechos humanos de las mujeres colombianas.<\/p>\n\n\n\n<p class=\"has-text-align-justify\">Debido a la participaci\u00f3n pol\u00edtica de las mujeres en las pasadas elecciones territoriales que vivi\u00f3 Colombia en el mes de octubre, que dej\u00f3 como resultado a 6 gobernadoras, 145 alcaldesas, 84 diputadas y 2.267 concejalas electas, mujeres que ocupar\u00e1n el 18.3% de los cargos a autoridades locales y el 13.3 % de los cargos como primeras autoridades en municipios y gobernaciones. A su vez, si bien son cifras que de cara a cada elecci\u00f3n van en aumento, a\u00fan falta un camino por recorrer para que la mitad de la poblaci\u00f3n, que significan las mujeres, est\u00e9n debidamente representadas en los ambitos de toma de decisiones p\u00fablicas, aportando todo su talento y compromiso con el pa\u00eds.<\/p>\n\n\n\n<p class=\"has-text-align-justify\">Por ese motivo, la \u2018<strong>Cumbre Nacional de Mujeres Electas<\/strong>\u2019, una iniciativa que es promovida por la Mesa de G\u00e9nero de la Cooperaci\u00f3n Internacional en Colombia, el Gobierno Nacional, la organizaci\u00f3n electoral, la Comisi\u00f3n legal para la equidad de la mujer del Congreso de la Rep\u00fablica con el liderazgo de ONU Mujeres y la Embajada de Suecia, busca generar un espacio de articulaci\u00f3n y trabajo conjunto de cara a las prioridades que asumir\u00e1n en cada uno de sus cargos a partir del 1 de enero de 2024.<\/p>\n\n\n\n<p class=\"has-text-align-justify\">A nivel nacional, m\u00e1s de 50 mil mujeres se presentaron como candidatas a los comicios de octubre, cifra que, en comparaci\u00f3n con el 2019, represent\u00f3 un incremento de participaci\u00f3n de mujeres en 15.5 puntos, con el doble de candidatas a gobernaciones y aproxim\u00e1ndose a la paridad en candidaturas a las juntas administradoras locales.<\/p>\n\n\n\n<p class=\"has-text-align-justify\">Estos datos evidencian que, con la implementaci\u00f3n por cuarta vez de la cuota del 30% en elecciones territoriales, se avanza lentamente hacia la efectiva representaci\u00f3n paritaria, en donde, seg\u00fan c\u00e1lculos propios de ONU Mujeres con fuente de la Registradur\u00eda Nacional, el salto m\u00e1s significativo es en las gobernaciones, pasando de un 6,3% a un 18,8% al pasar de 2 a 6 gobernadoras; en alcaldesas del 12% al 13,2%, en asambleas de 17,5% a 20,09%, y en Concejos del 18.0% al 18.8%.<\/p>\n\n\n\n<p class=\"has-text-align-justify\">La tendencia leve de m\u00e1s mujeres en puestos de elecci\u00f3n popular no solo sucede en Colombia sino tambi\u00e9n a nivel de Latinoam\u00e9rica y el Caribe; pero Colombia contin\u00faa por debajo de los promedios regionales. De acuerdo con cifras de la Cepal, el promedio de participaci\u00f3n de las mujeres en procesos de toma de decisiones en el \u00e1mbito p\u00fablico est\u00e1 en un 30% a nivel de la regi\u00f3n y en las alcald\u00edas la cifra es inferior, con un 16% (y Colombia llegar\u00eda tan solo al 13.2%). La elecci\u00f3n de mujeres como concejalas ha tenido un aumento mucho m\u00e1s importante, de acuerdo con la Cepal, el promedio de mujeres concejalas electas en diciembre de 2021 era del 32,7%, y 14 pa\u00edses tienen m\u00e1s del 30% de mujeres en estos cargos, en los que Colombia tendr\u00e1 solo el 18.8%.<\/p>\n\n\n\n<p class=\"has-text-align-justify\">De esta manera, la \u2018Cumbre de Mujeres Electas\u2019 ser\u00e1 una oportunidad para el trabajo conjunto sobre los derechos de las mujeres. Gobernadoras, alcaldesas y diputadas de todos los territorios del pa\u00eds participar\u00e1n para compartir sus prioridades en cuanto a los planes de desarrollo municipal y departamental del per\u00edodo 2024 \u2013 2027 de cara a garantizar los derechos de las mujeres en toda su diversidad, as\u00ed como la agenda de desarrollo sostenible y construcci\u00f3n de paz desde los territorios, incluyendo los elementos para la territorializaci\u00f3n del Plan de Acci\u00f3n Nacional de la Resoluci\u00f3n 1325 en el pa\u00eds.<\/p>\n\n\n\n<p class=\"has-text-align-justify\">Adem\u00e1s de las mujeres electas, este espacio contar\u00e1 con la participaci\u00f3n, de personalidades nacionales e internacionales como Michelle Bachelet, expresidenta de Chile y exdirectora global de ONU Mujeres; la Viceministra de las Mujeres, Diana Gomez; Helena Storm, embajadora de Suecia; Maria Noel Vaeza, directora regional para Am\u00e9rica Latina y el Caribe de ONU Mujeres; Bibiana Aido Almagro, representante pa\u00eds de ONU Mujeres en Colombia; Carolina Giraldo, presidenta de la Comisi\u00f3n Legal para la Equidad de la Mujeres del Congreso de la Rep\u00fablica; Luis Fernando Velazco, ministro del Interior; Maritza Mart\u00ednez, vicepresidenta del Consejo Nacional Electoral, la Embajadora de Canad\u00e1, presidenta de la Mesa de G\u00e9nero de Cooperaci\u00f3n Internacional, Marianick Tremblay, la Representante Pais de PNUD en Colombia, Sara Ferrer, entre otras personalidades. A s\u00ed tambi\u00e9n, se espera que sea posible contar tambi\u00e9n con la intervenci\u00f3n de la se\u00f1ora vicepresidenta de la Rep\u00fablica, Francia M\u00e1rquez.<\/p>\n\n\n\n<p class=\"has-text-align-justify\">Durante esta agenda de dos d\u00edas se llevar\u00e1n a cabo paneles y talleres de alto nivel, en los que se conversar\u00e1 sobre temas fundamentales para avanzar en la agenda de derechos de las mujeres de cara al trabajo que desempe\u00f1ar\u00e1n las electas a partir de enero, como por ejemplo: el balance electoral de autoridades locales, un taller sobre herramientas de comunicaci\u00f3n efectiva para la gesti\u00f3n p\u00fablica, las reflexiones sobre c\u00f3mo desde los territorios se puede avanzar por la igualdad, los avances de la agenda de mujeres, paz y seguridad, y cu\u00e1les son las transformaciones que deben realizarse para que haya un avance real en la agenda de los derechos de las mujeres y la igualdad en el pa\u00eds.<\/p>\n\n\n\n<p class=\"has-text-align-justify\">Esta cumbre hace parte de la estrategia \u2018M\u00e1s mujeres, m\u00e1s democracia: rumbo a la paridad\u2019, impulsada por la alianza de las 52 entidades que conforman desde hace 15 a\u00f1os la Mesa de G\u00e9nero de Cooperaci\u00f3n Internacional en Colombia, entre las que se encuentra ONU Mujeres, PNUD, el Instituto Holand\u00e9s para la Democracia Multipartidaria, el Instituto Nacional Dem\u00f3crata, la Agencia Espa\u00f1ola de Cooperaci\u00f3n Internacional para el Desarrollo.<\/p>\n","protected":false},"excerpt":{"rendered":"<p>Desde la Cumbre Nacional de Mujeres Electas, las nuevas mandatarias locales de Colombia establecen sus estrategias para contribuir a los derechos de las mujeres colombianas, el desarrollo, la paz y la democracia. Estos son todos los detalles. Este 11 y 12 de diciembre se llev\u00f3 a cabo la Cumbre Nacional de Mujeres Electas en Bogot\u00e1,&#8230;<\/p>\n","protected":false},"author":1,"featured_media":219196,"comment_status":"closed","ping_status":"closed","sticky":false,"template":"","format":"standard","meta":[],"categories":[60,1,56],"tags":[],"jetpack_sharing_enabled":true,"jetpack_featured_media_url":"https:\/\/malamboradio.com\/web\/wp-content\/uploads\/2023\/12\/CUMBRE-MUJERES-ELEGIDAS.jpg","_links":{"self":[{"href":"https:\/\/malamboradio.com\/web\/wp-json\/wp\/v2\/posts\/219195"}],"collection":[{"href":"https:\/\/malamboradio.com\/web\/wp-json\/wp\/v2\/posts"}],"about":[{"href":"https:\/\/malamboradio.com\/web\/wp-json\/wp\/v2\/types\/post"}],"author":[{"embeddable":true,"href":"https:\/\/malamboradio.com\/web\/wp-json\/wp\/v2\/users\/1"}],"replies":[{"embeddable":true,"href":"https:\/\/malamboradio.com\/web\/wp-json\/wp\/v2\/comments?post=219195"}],"version-history":[{"count":1,"href":"https:\/\/malamboradio.com\/web\/wp-json\/wp\/v2\/posts\/219195\/revisions"}],"predecessor-version":[{"id":219197,"href":"https:\/\/malamboradio.com\/web\/wp-json\/wp\/v2\/posts\/219195\/revisions\/219197"}],"wp:featuredmedia":[{"embeddable":true,"href":"https:\/\/malamboradio.com\/web\/wp-json\/wp\/v2\/media\/219196"}],"wp:attachment":[{"href":"https:\/\/malamboradio.com\/web\/wp-json\/wp\/v2\/media?parent=219195"}],"wp:term":[{"taxonomy":"category","embeddable":true,"href":"https:\/\/malamboradio.com\/web\/wp-json\/wp\/v2\/categories?post=219195"},{"taxonomy":"post_tag","embeddable":true,"href":"https:\/\/malamboradio.com\/web\/wp-json\/wp\/v2\/tags?post=219195"}],"curies":[{"name":"wp","href":"https:\/\/api.w.org\/{rel}","templated":true}]}}