{"id":218075,"date":"2023-11-22T20:46:51","date_gmt":"2023-11-23T01:46:51","guid":{"rendered":"https:\/\/malamboradio.com\/web\/?p=218075"},"modified":"2023-11-22T20:47:48","modified_gmt":"2023-11-23T01:47:48","slug":"alcalde-electo-de-barranquilla-prepara-lucha-frontal-con-la-delincuencia-local","status":"publish","type":"post","link":"https:\/\/malamboradio.com\/web\/2023\/11\/22\/alcalde-electo-de-barranquilla-prepara-lucha-frontal-con-la-delincuencia-local\/","title":{"rendered":"ALCALDE ELECTO  PREPARA LUCHA FRONTAL CON LA DELINCUENCIA DE BARRANQUILLA."},"content":{"rendered":"\n<p class=\"has-text-align-justify\">El Alcalde electo de Barranquilla, Alex Char, asegur\u00f3 este mi\u00e9rcoles que su prioridad es trabajar por recuperar la seguridad de la capital del Atl\u00e1ntico. &#8220;Nos venimos muy duro contra la delincuencia. Ellos saben con qui\u00e9n tienen que lidiar ahora&#8221;, afirm\u00f3 el mandatario electo a Noticias Caracol.<\/p>\n\n\n\n<p class=\"has-text-align-justify\">Alex Char se reuni\u00f3 con Yesid Turbay, quien ser\u00e1 su Secretario de Seguridad; el mayor general (r) Julio C\u00e9sar Gonz\u00e1lez, quien estar\u00e1 a cargo de la Alta Consejer\u00eda para la Seguridad y el General Mariano Botero Coy, que cumplir\u00e1 labores de asesor.  &#8220;Hemos conformado un equipo con profesionales que tienen toda la experiencia, que conocen el pa\u00eds y Barranquilla&#8221;, afirm\u00f3 el Alcalde electo.<\/p>\n\n\n\n<p class=\"has-text-align-justify\">Yesid Turbay afirm\u00f3 que con los polic\u00edas y las Fuerzas Militares, se desarrollar\u00e1 la reacci\u00f3n necesaria para neutralizar todas estas situaciones que vienen afectando grandemente la tranquilidad y la seguridad de los barranquilleros. &#8220;Vamos a hacer de Barranquilla la primera ciudad de Colombia con inteligencia artificial aplicada a la seguridad y convivencia ciudadana&#8221;, indic\u00f3 por su parte mayor general (r) Julio C\u00e9sar Gonz\u00e1lez. &#8220;Vamos a traer un grupo grande de an\u00e1lisis de datos, big data, y control a lo que tiene que ver con la delincuencia&#8221;, agreg\u00f3.<\/p>\n","protected":false},"excerpt":{"rendered":"<p>El Alcalde electo de Barranquilla, Alex Char, asegur\u00f3 este mi\u00e9rcoles que su prioridad es trabajar por recuperar la seguridad de la capital del Atl\u00e1ntico. &#8220;Nos venimos muy duro contra la delincuencia. Ellos saben con qui\u00e9n tienen que lidiar ahora&#8221;, afirm\u00f3 el mandatario electo a Noticias Caracol. Alex Char se reuni\u00f3 con Yesid Turbay, quien ser\u00e1&#8230;<\/p>\n","protected":false},"author":1,"featured_media":218076,"comment_status":"closed","ping_status":"closed","sticky":false,"template":"","format":"standard","meta":[],"categories":[99,80,56],"tags":[],"jetpack_sharing_enabled":true,"jetpack_featured_media_url":"https:\/\/malamboradio.com\/web\/wp-content\/uploads\/2023\/11\/ALEX-CHAR.jpg","_links":{"self":[{"href":"https:\/\/malamboradio.com\/web\/wp-json\/wp\/v2\/posts\/218075"}],"collection":[{"href":"https:\/\/malamboradio.com\/web\/wp-json\/wp\/v2\/posts"}],"about":[{"href":"https:\/\/malamboradio.com\/web\/wp-json\/wp\/v2\/types\/post"}],"author":[{"embeddable":true,"href":"https:\/\/malamboradio.com\/web\/wp-json\/wp\/v2\/users\/1"}],"replies":[{"embeddable":true,"href":"https:\/\/malamboradio.com\/web\/wp-json\/wp\/v2\/comments?post=218075"}],"version-history":[{"count":2,"href":"https:\/\/malamboradio.com\/web\/wp-json\/wp\/v2\/posts\/218075\/revisions"}],"predecessor-version":[{"id":218081,"href":"https:\/\/malamboradio.com\/web\/wp-json\/wp\/v2\/posts\/218075\/revisions\/218081"}],"wp:featuredmedia":[{"embeddable":true,"href":"https:\/\/malamboradio.com\/web\/wp-json\/wp\/v2\/media\/218076"}],"wp:attachment":[{"href":"https:\/\/malamboradio.com\/web\/wp-json\/wp\/v2\/media?parent=218075"}],"wp:term":[{"taxonomy":"category","embeddable":true,"href":"https:\/\/malamboradio.com\/web\/wp-json\/wp\/v2\/categories?post=218075"},{"taxonomy":"post_tag","embeddable":true,"href":"https:\/\/malamboradio.com\/web\/wp-json\/wp\/v2\/tags?post=218075"}],"curies":[{"name":"wp","href":"https:\/\/api.w.org\/{rel}","templated":true}]}}