{"id":218068,"date":"2023-11-22T20:35:15","date_gmt":"2023-11-23T01:35:15","guid":{"rendered":"https:\/\/malamboradio.com\/web\/?p=218068"},"modified":"2023-11-22T20:35:18","modified_gmt":"2023-11-23T01:35:18","slug":"urge-solucion-a-tema-de-erosion-presentado-en-playas-de-proteccion-costera-en-cartagena","status":"publish","type":"post","link":"https:\/\/malamboradio.com\/web\/2023\/11\/22\/urge-solucion-a-tema-de-erosion-presentado-en-playas-de-proteccion-costera-en-cartagena\/","title":{"rendered":"URGE SOLUCION A TEMA DE EROSION PRESENTADO EN PLAYAS DE PROTECCION COSTERA EN CARTAGENA."},"content":{"rendered":"\n<p class=\"has-text-align-justify\">Juan Carlos Monz\u00f3n, director del consorcio Proplaya, encargado del macroproyecto de Protecci\u00f3n Costera una vez se conocieron algunas preocupaciones relacionadas a la  erosi\u00f3n presentada en las Playas 4 y 5, tras las fuertes lluvias que azotaron a la ciudad la semana pasada, dijo &#8220;Hemos revisado durante la ma\u00f1ana de hoy el resultado del retroceso de playa que sufrieron las playas del proyecto, las construidas 4 y 5 como tambi\u00e9n las no intervenidas y naturales, una, dos y tres (\u2026) en todas se present\u00f3 un escal\u00f3n fruto del temporal que pas\u00f3 por la ciudad durante el fin de semana\u201d. El Comit\u00e9 Local de Playas (CLOP) que estaba programado para esta semana fue aplazado para el pr\u00f3ximo 30 de noviembre.<\/p>\n\n\n\n<p class=\"has-text-align-justify\">Monz\u00f3n en una entrevista el pasado 20 de noviembre se refiri\u00f3 a las inquietudes de la ciudadan\u00eda. \u201cUna vez consultados tanto el dise\u00f1ador de la obra como nuestros ocean\u00f3grafo confirmaron y validado el resultado contra los modelos que se llevan para el control de la obra ambos confirmaron que el resultado del temporal que tuvo olas de hasta dos con metros y medio fue el esperado por el proyecto, se esperaba un retroceso de arena propio de ese oleaje y lo que sucedi\u00f3 fue conforme a a esos modelos lo cual quiere decir que el que el proyecto cumpli\u00f3 con su objetivo\u201d.<br>Andr\u00e9s Rico, presidente de la Junta de Acci\u00f3n Comunal de Bocagrande se\u00f1al\u00f3 que desde que se iniciaron las obras civiles le han venido haciendo seguimiento para que estas cumplan con su objetivo. \u201cAyer sostuvimos una conversaci\u00f3n con el consorcio constructor, quien respondi\u00f3 las dudas e inquietudes que la comunidad tiene sobre la erosi\u00f3n que se ha presentado en las playas intervenidas y no intervenidas, en ese sentido nos expusieron las razones de la Universidad de Cartagena sobre la normalidad de estos fen\u00f3menos en \u00e9pocas de lluvias o mareas altas\u201d, indic\u00f3 el dirigente comunal.<br>Rico considera que es importante buscar una soluci\u00f3n oportuna y r\u00e1pida a esta situaci\u00f3n teniendo en cuenta la vocaci\u00f3n tur\u00edstica y alto flujo de ba\u00f1istas en Cartagena.<\/p>\n\n\n\n<p class=\"has-text-align-justify\">\u201cSobre la Playa 5 en donde se present\u00f3 ya el fin de semana pasado el primer accidente lamentable, nos da la raz\u00f3n a los llamados que reiteradamente hemos hechos sobre la urgencia y necesidad de adelantar e implementar el Plan de Ordenamiento Integral de Playas, no solo en el sentido de organizar a los actores de playas, sino tambi\u00e9n con garant\u00edas de seguridad y r\u00e1pida reacci\u00f3n en este tipo de situaci\u00f3n, pero muy a pesar de todo lo solicitado hemos sido ignorados por parte de la administraci\u00f3n distrital\u201d, precis\u00f3 Rico.<\/p>\n\n\n\n<p class=\"has-text-align-justify\">Juan Carlos Monz\u00f3n, director de obras del consorcio Proplaya asegur\u00f3 que est\u00e1n a la espera de la orden de la aperturade la Playa 4 y la autorizaci\u00f3n para la Playa 3, sin embargo, esto se define en el Comit\u00e9 Local de Playas (CLOP). El encuentro que estaba programado para esta semana fue aplazado para el pr\u00f3ximo 30 de noviembre.<\/p>\n\n\n\n<p class=\"has-text-align-justify\">Cont\u00f3 que si en esa reuni\u00f3n se autoriza la apertura de la Playa 4, el paso a seguir ser\u00eda la entrega de dicho balneario por parte de la Unidad Nacional para la Gesti\u00f3n del Riesgo de Desastres (Ungrd) al Distrito. \u201cPosteriormente, se esperar\u00eda la firma del decreto de apertura por parte del alcalde y despu\u00e9s la apertura formal. Ah\u00ed en ese momento nos autorizar\u00e1n el inicio de trabajos en la Playa 3\u201d, agreg\u00f3.<\/p>\n","protected":false},"excerpt":{"rendered":"<p>Juan Carlos Monz\u00f3n, director del consorcio Proplaya, encargado del macroproyecto de Protecci\u00f3n Costera una vez se conocieron algunas preocupaciones relacionadas a la erosi\u00f3n presentada en las Playas 4 y 5, tras las fuertes lluvias que azotaron a la ciudad la semana pasada, dijo &#8220;Hemos revisado durante la ma\u00f1ana de hoy el resultado del retroceso de&#8230;<\/p>\n","protected":false},"author":1,"featured_media":218069,"comment_status":"closed","ping_status":"closed","sticky":false,"template":"","format":"standard","meta":[],"categories":[85,95,56],"tags":[],"jetpack_sharing_enabled":true,"jetpack_featured_media_url":"https:\/\/malamboradio.com\/web\/wp-content\/uploads\/2023\/11\/erosion-en-proteccion-costera_8988914_20231122145752.jpg","_links":{"self":[{"href":"https:\/\/malamboradio.com\/web\/wp-json\/wp\/v2\/posts\/218068"}],"collection":[{"href":"https:\/\/malamboradio.com\/web\/wp-json\/wp\/v2\/posts"}],"about":[{"href":"https:\/\/malamboradio.com\/web\/wp-json\/wp\/v2\/types\/post"}],"author":[{"embeddable":true,"href":"https:\/\/malamboradio.com\/web\/wp-json\/wp\/v2\/users\/1"}],"replies":[{"embeddable":true,"href":"https:\/\/malamboradio.com\/web\/wp-json\/wp\/v2\/comments?post=218068"}],"version-history":[{"count":1,"href":"https:\/\/malamboradio.com\/web\/wp-json\/wp\/v2\/posts\/218068\/revisions"}],"predecessor-version":[{"id":218072,"href":"https:\/\/malamboradio.com\/web\/wp-json\/wp\/v2\/posts\/218068\/revisions\/218072"}],"wp:featuredmedia":[{"embeddable":true,"href":"https:\/\/malamboradio.com\/web\/wp-json\/wp\/v2\/media\/218069"}],"wp:attachment":[{"href":"https:\/\/malamboradio.com\/web\/wp-json\/wp\/v2\/media?parent=218068"}],"wp:term":[{"taxonomy":"category","embeddable":true,"href":"https:\/\/malamboradio.com\/web\/wp-json\/wp\/v2\/categories?post=218068"},{"taxonomy":"post_tag","embeddable":true,"href":"https:\/\/malamboradio.com\/web\/wp-json\/wp\/v2\/tags?post=218068"}],"curies":[{"name":"wp","href":"https:\/\/api.w.org\/{rel}","templated":true}]}}