{"id":212995,"date":"2023-09-19T13:01:06","date_gmt":"2023-09-19T18:01:06","guid":{"rendered":"https:\/\/malamboradio.com\/web\/?p=212995"},"modified":"2023-09-19T13:01:40","modified_gmt":"2023-09-19T18:01:40","slug":"presidente-petro-rechaza-asesinato-de-lider-social-en-majajual-sucre","status":"publish","type":"post","link":"https:\/\/malamboradio.com\/web\/2023\/09\/19\/presidente-petro-rechaza-asesinato-de-lider-social-en-majajual-sucre\/","title":{"rendered":"PRESIDENTE PETRO RECHAZA ASESINATO DE LIDER SOCIAL EN MAJAGUAL-SUCRE."},"content":{"rendered":"\n<p class=\"has-text-align-justify\">Como macabro calificaron los habitantes de esta poblacion de Sucre el crimen que se perpetr\u00f3 en el municipio de Majagual, que no solo conmocion\u00f3 y afect\u00f3 a los habitantes de esa regi\u00f3n del pa\u00eds, sino que gener\u00f3 el rechazo y repudio en varios sectores del territorio nacional. Pedro Juan Acosta muri\u00f3 en su vivienda, en el municipio de Majagual, en Sucre. Allegados al asesinado relataron lo que sucedi\u00f3.<\/p>\n\n\n\n<p class=\"has-text-align-justify\">El presidente Gustavo Petro conoci\u00f3 lo que sucedi\u00f3 en la ma\u00f1ana del lunes 18 de septiembre y se pronunci\u00f3 a trav\u00e9s de su cuenta de X. Con  un corto y contundente mensaje, el presidente de los colombianos asegur\u00f3 que \u201clos asesinos de Pedro Juan ser\u00e1n descubiertos\u201d, por lo que inst\u00f3 a la Fiscal\u00eda General de la Naci\u00f3n iniciar la investigaci\u00f3n de los hechos. <\/p>\n\n\n\n<p class=\"has-text-align-justify\">Leonardo Gonz\u00e1lez Paraf\u00e1n, director del Observatorio de Derechos Humanos del Instituto de Estudio para el Desarrollo y la Paz (Indepaz), dijo a trav\u00e9s de la misma red social que Pedro Juan Acosta Zabaleta era militante del Pacto Hist\u00f3rico \u201cy se caracteriz\u00f3 por denunciar un sistema ecol\u00f3gico para el manejo de basuras que afectan la Mojana y el maltrato animal\u201d. \u00c9l, al igual que los allegados a la v\u00edctima, de 29 a\u00f1os, pide justicia, y que las autoridades investiguen el macabro crimen para dar  con los hombres que lo perpetraron en la ma\u00f1ana del lunes. Los vecinos del sector Puerto Dager, en Majagual, cuentan que el mismo d\u00eda del homicidio, Pedro Juan tuvo una discusi\u00f3n con varios hombres. Minutos despu\u00e9s, las mismas personas llegaron a la casa del administrador p\u00fablico, ambientalista y l\u00edder social y a las 6 de la ma\u00f1ana lo atacaron a machetazos.<\/p>\n\n\n\n<p class=\"has-text-align-justify\">La muerte de Acosta Zabaleta se produjo casi que al instante y hasta su vivienda, donde qued\u00f3 tendido con m\u00faltiples heridas, llegaron autoridades y amigos, pero ya nada hab\u00eda que hacer por \u00e9l. <\/p>\n\n\n\n<p class=\"has-text-align-justify\">Las redes sociales est\u00e1n invadidas con mensajes de despedida al amigo querido y respetado entre los suyos: \u201cCu\u00e1nta indolencia, un ser con muchas virtudes, con gran don de pensamiento, siempre grande por sus cr\u00edticas y denuncias frente a las problem\u00e1ticas sociales\u201d.<\/p>\n\n\n\n<p class=\"has-text-align-justify\">La Alcald\u00eda de Majagual se uni\u00f3 tambi\u00e9n y escribi\u00f3: \u201cLa Alcald\u00eda expresa sus m\u00e1s sinceras condolencias (\u2026) Nos unimos a la pena profunda que embarga a su familia y amistades. Hacemos extensivo nuestro m\u00e1s sincero p\u00e9same\u201d. Uno de sus amigos le prometi\u00f3 que su legado y sus sue\u00f1os por Majagual \u201ccontinuar\u00e1n\u201d. <\/p>\n","protected":false},"excerpt":{"rendered":"<p>Como macabro calificaron los habitantes de esta poblacion de Sucre el crimen que se perpetr\u00f3 en el municipio de Majagual, que no solo conmocion\u00f3 y afect\u00f3 a los habitantes de esa regi\u00f3n del pa\u00eds, sino que gener\u00f3 el rechazo y repudio en varios sectores del territorio nacional. Pedro Juan Acosta muri\u00f3 en su vivienda, en&#8230;<\/p>\n","protected":false},"author":1,"featured_media":212996,"comment_status":"closed","ping_status":"closed","sticky":false,"template":"","format":"standard","meta":[],"categories":[78,94,56],"tags":[],"jetpack_sharing_enabled":true,"jetpack_featured_media_url":"https:\/\/malamboradio.com\/web\/wp-content\/uploads\/2023\/09\/asesinado-en-majagual_8521509_20230919090754.jpg","_links":{"self":[{"href":"https:\/\/malamboradio.com\/web\/wp-json\/wp\/v2\/posts\/212995"}],"collection":[{"href":"https:\/\/malamboradio.com\/web\/wp-json\/wp\/v2\/posts"}],"about":[{"href":"https:\/\/malamboradio.com\/web\/wp-json\/wp\/v2\/types\/post"}],"author":[{"embeddable":true,"href":"https:\/\/malamboradio.com\/web\/wp-json\/wp\/v2\/users\/1"}],"replies":[{"embeddable":true,"href":"https:\/\/malamboradio.com\/web\/wp-json\/wp\/v2\/comments?post=212995"}],"version-history":[{"count":2,"href":"https:\/\/malamboradio.com\/web\/wp-json\/wp\/v2\/posts\/212995\/revisions"}],"predecessor-version":[{"id":213000,"href":"https:\/\/malamboradio.com\/web\/wp-json\/wp\/v2\/posts\/212995\/revisions\/213000"}],"wp:featuredmedia":[{"embeddable":true,"href":"https:\/\/malamboradio.com\/web\/wp-json\/wp\/v2\/media\/212996"}],"wp:attachment":[{"href":"https:\/\/malamboradio.com\/web\/wp-json\/wp\/v2\/media?parent=212995"}],"wp:term":[{"taxonomy":"category","embeddable":true,"href":"https:\/\/malamboradio.com\/web\/wp-json\/wp\/v2\/categories?post=212995"},{"taxonomy":"post_tag","embeddable":true,"href":"https:\/\/malamboradio.com\/web\/wp-json\/wp\/v2\/tags?post=212995"}],"curies":[{"name":"wp","href":"https:\/\/api.w.org\/{rel}","templated":true}]}}