{"id":211044,"date":"2023-08-31T09:33:06","date_gmt":"2023-08-31T14:33:06","guid":{"rendered":"https:\/\/malamboradio.com\/web\/?p=211044"},"modified":"2023-08-31T09:33:09","modified_gmt":"2023-08-31T14:33:09","slug":"marcha-de-maestros-en-barranquilla-en-contra-de-la-reforma-y-el-mal-manejo-de-la-salud","status":"publish","type":"post","link":"https:\/\/malamboradio.com\/web\/2023\/08\/31\/marcha-de-maestros-en-barranquilla-en-contra-de-la-reforma-y-el-mal-manejo-de-la-salud\/","title":{"rendered":"MARCHA DE MAESTROS EN BARRANQUILLA EN CONTRA DE LA REFORMA Y EL MAL MANEJO DE LA SALUD."},"content":{"rendered":"\n<p class=\"has-text-align-justify\">Aproximadamente 2.000 profesores afiliados a Fecobe,   salieron a marchar este jueves 30 de agosto en Barranquilla en contra del sistema de salud que les vienen aplicando, tambi\u00e9n contras los proyectos de ley que impedir\u00edan la marcha y protesta social y los bonos escolares, con los que se consideran va a privatizar la educaci\u00f3n p\u00fablica en Colombia.<\/p>\n\n\n\n<p class=\"has-text-align-justify\">Jos\u00e9 Ignacio Jim\u00e9nez, presidente de la Asociaci\u00f3n de Educadores de Barranquilla, Adeba, dijo que la marcha de este jueves se centr\u00f3 en tres objetivos fundamentales: el sistema de salud, los bonos escolares y la ley que prohibe las huelgas y marcha de los trabajadores. \u201cTodos sabemos que la salud en Colombia dej\u00f3 de ser un derecho para convertirse en negocio. De eso no estamos exceptuados los maestros. Y con el sistema de salud que nos est\u00e1n brindando est\u00e1n atentando contra la vida de los maestros y sus beneficiarios\u201d.<\/p>\n\n\n\n<p class=\"has-text-align-justify\">Tambi\u00e9n dijo que la marcha de este jueves se centr\u00f3 en el rechazo a dos proyectos de ley, \u201cpresentados por los enemigos de los maestros: el Centro Democr\u00e1tico, en cabeza de la se\u00f1ora Paloma Valencia, que parece ser  \u2018la paloma de la guerra\u2019; quien ha presentado un proyecto de ley que son unos bonos escolares, que no es m\u00e1s que la privatizaci\u00f3n de la educaci\u00f3n p\u00fablica\u201d.<\/p>\n\n\n\n<p class=\"has-text-align-justify\">Argument\u00f3 que lo que se pretende con los bonos escolares \u201ces que en cualquier garaje se monte una escuela y tener sus fortines politiqueros y decirle al padre de familia que esa beca la tienen que responder con votos, igualmente, como lo hicieron con la salud, que en cualquier garaje montaron una EPS\u201d.<\/p>\n\n\n\n<p class=\"has-text-align-justify\">Apunt\u00f3 que lo de los bonos escolares \u201ces la repetici\u00f3n de lo que ya vivi\u00f3 Barranquilla hace muchos a\u00f1os con las famosas becas. Tomar los recursos p\u00fablicos, recursos que pagamos todos los ciudadanos y contribuyentes y en lugar de mandarlos a fortalecer la educaci\u00f3n p\u00fablica desviarlos hacia el sector privado y fortalecer y enriquecer a mercaderes privados de la educaci\u00f3n\u201d.<\/p>\n\n\n\n<p class=\"has-text-align-justify\">El otro punto es el proyecto de ley que prohibe la protesta social y la huelga, \u201cque son absolutamente inconstitucionales; viola el principio de cualquier democracia en la que los profesores suelen expresarse, pueden protestar y ejercer el derecho a huelga\u201d. <\/p>\n\n\n\n<p class=\"has-text-align-justify\">\u201cEst\u00e1n presentado un proyecto de ley donde se modifique el C\u00f3digo Sustantivo del Trabajo y se prohiba la marcha de los maestros. Violando de esta manera la Constituci\u00f3n, porque el derecho a la protesta es constitucional\u201d, termin\u00f3 diciendo.<\/p>\n\n\n\n<p class=\"has-text-align-justify\">Los maestros se concentraron en la sede sur de la Universidad del Atl\u00e1ntico, carrera 43 entre las carreras 50 y 51. Subieron por \u00e9sta y llegaron a la carrera 44 la cual bajaron hasta Paseo Bol\u00edvar, centro de Barranquilla y culmin\u00f3 frente al edificio de la Alcald\u00eda de Barranquilla.<\/p>\n","protected":false},"excerpt":{"rendered":"<p>Aproximadamente 2.000 profesores afiliados a Fecobe, salieron a marchar este jueves 30 de agosto en Barranquilla en contra del sistema de salud que les vienen aplicando, tambi\u00e9n contras los proyectos de ley que impedir\u00edan la marcha y protesta social y los bonos escolares, con los que se consideran va a privatizar la educaci\u00f3n p\u00fablica en&#8230;<\/p>\n","protected":false},"author":1,"featured_media":211045,"comment_status":"closed","ping_status":"closed","sticky":false,"template":"","format":"standard","meta":[],"categories":[58,56,98],"tags":[],"jetpack_sharing_enabled":true,"jetpack_featured_media_url":"https:\/\/malamboradio.com\/web\/wp-content\/uploads\/2023\/08\/marcha-de-profesores-agosto-30-2023-1_8376368_20230830170028.jpg","_links":{"self":[{"href":"https:\/\/malamboradio.com\/web\/wp-json\/wp\/v2\/posts\/211044"}],"collection":[{"href":"https:\/\/malamboradio.com\/web\/wp-json\/wp\/v2\/posts"}],"about":[{"href":"https:\/\/malamboradio.com\/web\/wp-json\/wp\/v2\/types\/post"}],"author":[{"embeddable":true,"href":"https:\/\/malamboradio.com\/web\/wp-json\/wp\/v2\/users\/1"}],"replies":[{"embeddable":true,"href":"https:\/\/malamboradio.com\/web\/wp-json\/wp\/v2\/comments?post=211044"}],"version-history":[{"count":1,"href":"https:\/\/malamboradio.com\/web\/wp-json\/wp\/v2\/posts\/211044\/revisions"}],"predecessor-version":[{"id":211046,"href":"https:\/\/malamboradio.com\/web\/wp-json\/wp\/v2\/posts\/211044\/revisions\/211046"}],"wp:featuredmedia":[{"embeddable":true,"href":"https:\/\/malamboradio.com\/web\/wp-json\/wp\/v2\/media\/211045"}],"wp:attachment":[{"href":"https:\/\/malamboradio.com\/web\/wp-json\/wp\/v2\/media?parent=211044"}],"wp:term":[{"taxonomy":"category","embeddable":true,"href":"https:\/\/malamboradio.com\/web\/wp-json\/wp\/v2\/categories?post=211044"},{"taxonomy":"post_tag","embeddable":true,"href":"https:\/\/malamboradio.com\/web\/wp-json\/wp\/v2\/tags?post=211044"}],"curies":[{"name":"wp","href":"https:\/\/api.w.org\/{rel}","templated":true}]}}