{"id":205191,"date":"2023-05-30T09:37:28","date_gmt":"2023-05-30T14:37:28","guid":{"rendered":"https:\/\/malamboradio.com\/web\/?p=205191"},"modified":"2023-05-30T10:13:13","modified_gmt":"2023-05-30T15:13:13","slug":"se-enluta-el-periodismo-en-barranquilla-el-senor-ha-llamado-a-heriberto-fiorillo","status":"publish","type":"post","link":"https:\/\/malamboradio.com\/web\/2023\/05\/30\/se-enluta-el-periodismo-en-barranquilla-el-senor-ha-llamado-a-heriberto-fiorillo\/","title":{"rendered":"SE ENLUTA EL PERIODISMO EN BARRANQUILLA. EL SE\u00d1OR HA LLAMADO A HERIBERTO FIORILLO"},"content":{"rendered":"\n<p class=\"has-text-align-justify\">S\u00f3lo el Alt\u00edsimo y supremo Se\u00f1or determina el tiempo justo en que debemos partir. Los quebrantos de salud de Heriberto habian socabado su calidad de vida muy a pesar del amor y el esfuerzo de sus familiares. <\/p>\n\n\n\n<p class=\"has-text-align-justify\">Su fallecimiento enluta la  cultura el periodismo barranquillero. Ha caido un gladiador!  Un hombre con amplia experiencia como periodista, columnista, narrador, editor, director, productor de televisi\u00f3n, guionista y director de cine. Un hombre inquebrantable de solo cedi\u00f3 ante la omnipotencia del Se\u00f1or. Un luchador siempre detras de sus objetivos hasta lograrlos. <\/p>\n\n\n\n<p class=\"has-text-align-justify\">Egresado como Comunicador Social y Periodista de la Universidad Javeriana de Bogot\u00e1. Trabaj\u00f3 en medios reconocidos como El Heraldo y El Espectador.<\/p>\n\n\n\n<p class=\"has-text-align-justify\">Fu\u00e9 adem\u00e1s  el creador de la Fundaci\u00f3n La Cueva, sitio de eventos culturales y tradicionales en la ciudad de Barranquilla. Realiz\u00f3 y lider\u00f3 varias producciones audiovisuales como por ejemplo, &#8216;Ay, Carnaval&#8217;.<\/p>\n\n\n\n<p>Paz en tu tumba! A sus familiares y allegados,  nuestro apoyo moral irrestricto y solidario.   <\/p>\n","protected":false},"excerpt":{"rendered":"<p>S\u00f3lo el Alt\u00edsimo y supremo Se\u00f1or determina el tiempo justo en que debemos partir. Los quebrantos de salud de Heriberto habian socabado su calidad de vida muy a pesar del amor y el esfuerzo de sus familiares. Su fallecimiento enluta la cultura el periodismo barranquillero. Ha caido un gladiador! Un hombre con amplia experiencia como&#8230;<\/p>\n","protected":false},"author":1,"featured_media":205198,"comment_status":"closed","ping_status":"closed","sticky":false,"template":"","format":"standard","meta":[],"categories":[80,56,79],"tags":[],"jetpack_sharing_enabled":true,"jetpack_featured_media_url":"https:\/\/malamboradio.com\/web\/wp-content\/uploads\/2023\/05\/Fiorillo-paint.jpg","_links":{"self":[{"href":"https:\/\/malamboradio.com\/web\/wp-json\/wp\/v2\/posts\/205191"}],"collection":[{"href":"https:\/\/malamboradio.com\/web\/wp-json\/wp\/v2\/posts"}],"about":[{"href":"https:\/\/malamboradio.com\/web\/wp-json\/wp\/v2\/types\/post"}],"author":[{"embeddable":true,"href":"https:\/\/malamboradio.com\/web\/wp-json\/wp\/v2\/users\/1"}],"replies":[{"embeddable":true,"href":"https:\/\/malamboradio.com\/web\/wp-json\/wp\/v2\/comments?post=205191"}],"version-history":[{"count":4,"href":"https:\/\/malamboradio.com\/web\/wp-json\/wp\/v2\/posts\/205191\/revisions"}],"predecessor-version":[{"id":205210,"href":"https:\/\/malamboradio.com\/web\/wp-json\/wp\/v2\/posts\/205191\/revisions\/205210"}],"wp:featuredmedia":[{"embeddable":true,"href":"https:\/\/malamboradio.com\/web\/wp-json\/wp\/v2\/media\/205198"}],"wp:attachment":[{"href":"https:\/\/malamboradio.com\/web\/wp-json\/wp\/v2\/media?parent=205191"}],"wp:term":[{"taxonomy":"category","embeddable":true,"href":"https:\/\/malamboradio.com\/web\/wp-json\/wp\/v2\/categories?post=205191"},{"taxonomy":"post_tag","embeddable":true,"href":"https:\/\/malamboradio.com\/web\/wp-json\/wp\/v2\/tags?post=205191"}],"curies":[{"name":"wp","href":"https:\/\/api.w.org\/{rel}","templated":true}]}}