{"id":204785,"date":"2023-05-24T18:02:02","date_gmt":"2023-05-24T23:02:02","guid":{"rendered":"https:\/\/malamboradio.com\/web\/?p=204785"},"modified":"2023-05-24T18:02:04","modified_gmt":"2023-05-24T23:02:04","slug":"luego-de-la-decision-de-una-jueza-alvaro-uribe-cuestiona-a-periodistas","status":"publish","type":"post","link":"https:\/\/malamboradio.com\/web\/2023\/05\/24\/luego-de-la-decision-de-una-jueza-alvaro-uribe-cuestiona-a-periodistas\/","title":{"rendered":"LUEGO DE LA DECISION DE UNA  JUEZA. ALVARO URIBE CUESTIONA A PERIODISTAS."},"content":{"rendered":"\n<p class=\"has-text-align-justify\">Una vez  que una jueza de la rep\u00fablica  negara la preclusi\u00f3n del caso del ex presidente Alvaro Uribe Velez por presunta manipulaci\u00f3n de testigos, las \u00fanicas reacciones p\u00fablicas del ex-mandatario   han sido contra los periodistas.<\/p>\n\n\n\n<p class=\"has-text-align-justify\">Su primer objetivo fue Daniel Coronell, quien public\u00f3 en Twitter anticipadamente que el proceso contra el exsenador continuar\u00eda.  Esto hace preguntarse al se\u00f1or Uribe  por que Daniel Coronell  sab\u00eda  que asi suceder\u00eda.<\/p>\n\n\n\n<p class=\"has-text-align-justify\">Posteriormente Uribe emiti\u00f3 otro trino en el que se expresaba contra Julio S\u00e1nchez Cristo y  ampliaba su ataque contra Coronell con una acusaci\u00f3n que ya en otras ocasiones le acarre\u00f3 problemas y tuvo que rectificar.<\/p>\n\n\n\n<p class=\"has-text-align-justify\">En su cuenta de Twitter, Uribe reiter\u00f3 su pregunta y ahora cuestion\u00f3 por qu\u00e9 tambi\u00e9n Julio S\u00e1nchez Cristo conoc\u00eda el fallo con antelacion a que se anunciara formalmente.<\/p>\n\n\n\n<p>\u201cLas filtraciones niegan la imparcialidad\u201d, coment\u00f3.<br><\/p>\n","protected":false},"excerpt":{"rendered":"<p>Una vez que una jueza de la rep\u00fablica negara la preclusi\u00f3n del caso del ex presidente Alvaro Uribe Velez por presunta manipulaci\u00f3n de testigos, las \u00fanicas reacciones p\u00fablicas del ex-mandatario han sido contra los periodistas. Su primer objetivo fue Daniel Coronell, quien public\u00f3 en Twitter anticipadamente que el proceso contra el exsenador continuar\u00eda. Esto hace&#8230;<\/p>\n","protected":false},"author":1,"featured_media":204786,"comment_status":"closed","ping_status":"closed","sticky":false,"template":"","format":"standard","meta":[],"categories":[1,68,56],"tags":[],"jetpack_sharing_enabled":true,"jetpack_featured_media_url":"https:\/\/malamboradio.com\/web\/wp-content\/uploads\/2023\/05\/uribe2-Paint.webp","_links":{"self":[{"href":"https:\/\/malamboradio.com\/web\/wp-json\/wp\/v2\/posts\/204785"}],"collection":[{"href":"https:\/\/malamboradio.com\/web\/wp-json\/wp\/v2\/posts"}],"about":[{"href":"https:\/\/malamboradio.com\/web\/wp-json\/wp\/v2\/types\/post"}],"author":[{"embeddable":true,"href":"https:\/\/malamboradio.com\/web\/wp-json\/wp\/v2\/users\/1"}],"replies":[{"embeddable":true,"href":"https:\/\/malamboradio.com\/web\/wp-json\/wp\/v2\/comments?post=204785"}],"version-history":[{"count":1,"href":"https:\/\/malamboradio.com\/web\/wp-json\/wp\/v2\/posts\/204785\/revisions"}],"predecessor-version":[{"id":204787,"href":"https:\/\/malamboradio.com\/web\/wp-json\/wp\/v2\/posts\/204785\/revisions\/204787"}],"wp:featuredmedia":[{"embeddable":true,"href":"https:\/\/malamboradio.com\/web\/wp-json\/wp\/v2\/media\/204786"}],"wp:attachment":[{"href":"https:\/\/malamboradio.com\/web\/wp-json\/wp\/v2\/media?parent=204785"}],"wp:term":[{"taxonomy":"category","embeddable":true,"href":"https:\/\/malamboradio.com\/web\/wp-json\/wp\/v2\/categories?post=204785"},{"taxonomy":"post_tag","embeddable":true,"href":"https:\/\/malamboradio.com\/web\/wp-json\/wp\/v2\/tags?post=204785"}],"curies":[{"name":"wp","href":"https:\/\/api.w.org\/{rel}","templated":true}]}}