{"id":203189,"date":"2023-04-29T09:11:29","date_gmt":"2023-04-29T14:11:29","guid":{"rendered":"https:\/\/malamboradio.com\/web\/?p=203189"},"modified":"2023-04-29T09:19:06","modified_gmt":"2023-04-29T14:19:06","slug":"francia-marquez-estuvo-en-san-basilio-de-palenque","status":"publish","type":"post","link":"https:\/\/malamboradio.com\/web\/2023\/04\/29\/francia-marquez-estuvo-en-san-basilio-de-palenque\/","title":{"rendered":"FRANCIA MARQUEZ ESTUVO EN SAN BASILIO DE PALENQUE APOYANDO NUEVA ESTRATEGIA DE LA POLICIA."},"content":{"rendered":"\n<p class=\"has-text-align-justify\">Asistiendo a una invitacion de la comunidad afrodecendiente de San Basilio de Palenque, corregimiento de Mahates- Bolivar,  la Vice presidente Francia Marquez, estuvo en  el lanzamiento de la estrategia sobre el enfoque \u00e9tnico y diferencial para la transformaci\u00f3n policial, que busca fortalecer la interlocuci\u00f3n entre la Polic\u00eda y las comunidades \u00e9tnicas, el conocimiento institucional en las costumbres, cultura y la ancestralidad de las comunidades \u00e9tnicas, as\u00ed como la protecci\u00f3n de los derechos humanos para la prevenci\u00f3n de la discriminaci\u00f3n en las comunidades \u00e9tnicas. <\/p>\n\n\n\n<p class=\"has-text-align-justify\">La plaza principal de Palenque fue el epicentro del importante evento.La funcionaria del Gobierno nacional asisti\u00f3 a esta comunidad en la ma\u00f1ana del 28 de abril.<\/p>\n\n\n\n<p class=\"has-text-align-justify\">Este  evento cont\u00f3 adem\u00e1s con la participaci\u00f3n del Brigadier General William Oswaldo Rinc\u00f3n Zambrano, director de la Unidad Policial para la Edificaci\u00f3n para la Paz (UNIPEP), y dem\u00e1s entidades del Gobierno nacional, as\u00ed como la Gobernaci\u00f3n de Bol\u00edvar, la Alcald\u00eda de Mahates y m\u00e1s de 2 mil j\u00f3venes del Laboratorio de Paz. <\/p>\n\n\n\n<p class=\"has-text-align-justify\">La Polic\u00eda lidera un plan \u00e9tnico y diferencial para el desarrollo de las comunidades y j\u00f3venes del territorio nacional, para la construcci\u00f3n de paz. Estas acciones que los hombres y mujeres de la Polic\u00eda adelantan en todo el territorio nacional, son en pro de consolidar la integraci\u00f3n con las comunidades \u00e9tnicas a trav\u00e9s de actividades culturales, educaci\u00f3n, deporte, ciencia, tecnolog\u00eda e innovaci\u00f3n, para favorecer el desarrollo de los habitantes del territorio, en especial de los j\u00f3venes, para la construcci\u00f3n de paz.<\/p>\n\n\n\n<p class=\"has-text-align-justify\">Este despliegue estrat\u00e9gico focalizado y diferencial le ha permitido a la Polic\u00eda Nacional, a trav\u00e9s del Laboratorio de Paz, transformar la vida y realidad de m\u00e1s de 12 mil j\u00f3venes, en su mayor\u00eda v\u00edctimas del conflicto armado, en lugares como Mag\u00fc\u00ed Pay\u00e1n, El Charco, Tumaco, Barbacoas, R\u00edo Sucio y Bojay\u00e1, o Quibd\u00f3, brind\u00e1ndoles oportunidades para que puedan acceder a becas educativas, actividades deportivas y culturales. <\/p>\n\n\n\n<p class=\"has-text-align-justify\">Con la puesta en marcha del plan dentro del despliegue estrat\u00e9gico de acciones instituciones en pro de la convivencia y seguridad ciudadana se espera que para el 2023 se puedan vincular m\u00e1s de 70 mil j\u00f3venes en todo el territorio nacional.<\/p>\n","protected":false},"excerpt":{"rendered":"<p>Asistiendo a una invitacion de la comunidad afrodecendiente de San Basilio de Palenque, corregimiento de Mahates- Bolivar, la Vice presidente Francia Marquez, estuvo en el lanzamiento de la estrategia sobre el enfoque \u00e9tnico y diferencial para la transformaci\u00f3n policial, que busca fortalecer la interlocuci\u00f3n entre la Polic\u00eda y las comunidades \u00e9tnicas, el conocimiento institucional en&#8230;<\/p>\n","protected":false},"author":1,"featured_media":203190,"comment_status":"closed","ping_status":"closed","sticky":false,"template":"","format":"standard","meta":[],"categories":[60,1,56],"tags":[],"jetpack_sharing_enabled":true,"jetpack_featured_media_url":"https:\/\/malamboradio.com\/web\/wp-content\/uploads\/2023\/04\/FRANCIA-EN-PALENQUE-PAINT.jpg","_links":{"self":[{"href":"https:\/\/malamboradio.com\/web\/wp-json\/wp\/v2\/posts\/203189"}],"collection":[{"href":"https:\/\/malamboradio.com\/web\/wp-json\/wp\/v2\/posts"}],"about":[{"href":"https:\/\/malamboradio.com\/web\/wp-json\/wp\/v2\/types\/post"}],"author":[{"embeddable":true,"href":"https:\/\/malamboradio.com\/web\/wp-json\/wp\/v2\/users\/1"}],"replies":[{"embeddable":true,"href":"https:\/\/malamboradio.com\/web\/wp-json\/wp\/v2\/comments?post=203189"}],"version-history":[{"count":2,"href":"https:\/\/malamboradio.com\/web\/wp-json\/wp\/v2\/posts\/203189\/revisions"}],"predecessor-version":[{"id":203195,"href":"https:\/\/malamboradio.com\/web\/wp-json\/wp\/v2\/posts\/203189\/revisions\/203195"}],"wp:featuredmedia":[{"embeddable":true,"href":"https:\/\/malamboradio.com\/web\/wp-json\/wp\/v2\/media\/203190"}],"wp:attachment":[{"href":"https:\/\/malamboradio.com\/web\/wp-json\/wp\/v2\/media?parent=203189"}],"wp:term":[{"taxonomy":"category","embeddable":true,"href":"https:\/\/malamboradio.com\/web\/wp-json\/wp\/v2\/categories?post=203189"},{"taxonomy":"post_tag","embeddable":true,"href":"https:\/\/malamboradio.com\/web\/wp-json\/wp\/v2\/tags?post=203189"}],"curies":[{"name":"wp","href":"https:\/\/api.w.org\/{rel}","templated":true}]}}