{"id":202681,"date":"2023-04-19T18:31:36","date_gmt":"2023-04-19T23:31:36","guid":{"rendered":"https:\/\/malamboradio.com\/web\/?p=202681"},"modified":"2023-04-19T18:31:38","modified_gmt":"2023-04-19T23:31:38","slug":"sin-vida-encuentran-a-maria-paula-joven-desaparecida-en-bogota","status":"publish","type":"post","link":"https:\/\/malamboradio.com\/web\/2023\/04\/19\/sin-vida-encuentran-a-maria-paula-joven-desaparecida-en-bogota\/","title":{"rendered":"SIN VIDA ENCUENTRAN A MARIA  PAULA,  JOVEN DESAPARECIDA EN BOGOTA."},"content":{"rendered":"\n<p class=\"has-text-align-justify\">La joven Mar\u00eda Paula Mun\u00e9var Olmos, de 23 a\u00f1os, quien es hija del Secretario de la Secci\u00f3n Primera de ese alto tribunal Pedro Mun\u00e9var  y que estaba desaparecida desde el 13 de abril pasado, este mi\u00e9rcoles 19 de abril, y luego de seis d\u00edas desaparecida, fue hallada muerta en la instalaciones de la universidad. Hasta  ahora, se desconocen detalles de lo sucedido. <\/p>\n\n\n\n<p class=\"has-text-align-justify\">La Universidad Javeriana confirm\u00f3, a trav\u00e9s de un comunicado, que encontraron el cuerpo sin vida de Mun\u00e9var en sus instalaciones. \u201cSe encontr\u00f3 a Mar\u00eda Paula sin vida en la zona nororiental de la universidad, que se encontraba, y se encuentra, cerrada por condiciones invernales\u201d, confirm\u00f3 la entidad educativa en un comunicado.<\/p>\n\n\n\n<p class=\"has-text-align-justify\">Al principio se cre\u00eda que su \u00faltima ubicaci\u00f3n fue el centro de Bogot\u00e1, en el sector de La Mariposa, se indic\u00f3 que realmente se le perdi\u00f3 el rastro luego que se bajo de la estaci\u00f3n de Transmilenio de la calle 45 en Bogot\u00e1, cerca de la Universidad Javeriana donde ella estudiaba en jornada diurna.<\/p>\n\n\n\n<p class=\"has-text-align-justify\">Mar\u00eda Paula necesitaba medicamentos a diario y estudiaba Ciencia de la Informaci\u00f3n, Bibliotecolog\u00eda y Archiv\u00edstica en la Universidad Javeriana.<br>Pedro Mun\u00e9var, padre de la joven, indic\u00f3 a los medios que Mar\u00eda Paula era muy t\u00edmida y reservada, \u201cMar\u00eda Paula es muy t\u00edmida. Pedimos el apoyo porque no veo ning\u00fan resultado, seis d\u00edas no es normal. No tengo idea. Estamos desesperados. He recibido la colaboraci\u00f3n de mucha gente pero no hay resultado alguno\u201d, indic\u00f3 Mun\u00e9var en ese momento.<\/p>\n\n\n\n<p class=\"has-text-align-justify\">La universidad tambi\u00e9n lament\u00f3 la muerte de Mar\u00eda Paula Mun\u00e9var Olmos y dijo en una publicaci\u00f3n de Twitter: \u201ctoda nuestra solidaridad con Francia Olmos y Pedro Pablo Mun\u00e9var, padres de Mar\u00eda Paula, y con sus allegados\u201d.<\/p>\n","protected":false},"excerpt":{"rendered":"<p>La joven Mar\u00eda Paula Mun\u00e9var Olmos, de 23 a\u00f1os, quien es hija del Secretario de la Secci\u00f3n Primera de ese alto tribunal Pedro Mun\u00e9var y que estaba desaparecida desde el 13 de abril pasado, este mi\u00e9rcoles 19 de abril, y luego de seis d\u00edas desaparecida, fue hallada muerta en la instalaciones de la universidad. Hasta&#8230;<\/p>\n","protected":false},"author":1,"featured_media":202683,"comment_status":"closed","ping_status":"closed","sticky":false,"template":"","format":"standard","meta":[],"categories":[68,56],"tags":[],"jetpack_sharing_enabled":true,"jetpack_featured_media_url":"https:\/\/malamboradio.com\/web\/wp-content\/uploads\/2023\/04\/universidad-javeriana-.webp","_links":{"self":[{"href":"https:\/\/malamboradio.com\/web\/wp-json\/wp\/v2\/posts\/202681"}],"collection":[{"href":"https:\/\/malamboradio.com\/web\/wp-json\/wp\/v2\/posts"}],"about":[{"href":"https:\/\/malamboradio.com\/web\/wp-json\/wp\/v2\/types\/post"}],"author":[{"embeddable":true,"href":"https:\/\/malamboradio.com\/web\/wp-json\/wp\/v2\/users\/1"}],"replies":[{"embeddable":true,"href":"https:\/\/malamboradio.com\/web\/wp-json\/wp\/v2\/comments?post=202681"}],"version-history":[{"count":1,"href":"https:\/\/malamboradio.com\/web\/wp-json\/wp\/v2\/posts\/202681\/revisions"}],"predecessor-version":[{"id":202684,"href":"https:\/\/malamboradio.com\/web\/wp-json\/wp\/v2\/posts\/202681\/revisions\/202684"}],"wp:featuredmedia":[{"embeddable":true,"href":"https:\/\/malamboradio.com\/web\/wp-json\/wp\/v2\/media\/202683"}],"wp:attachment":[{"href":"https:\/\/malamboradio.com\/web\/wp-json\/wp\/v2\/media?parent=202681"}],"wp:term":[{"taxonomy":"category","embeddable":true,"href":"https:\/\/malamboradio.com\/web\/wp-json\/wp\/v2\/categories?post=202681"},{"taxonomy":"post_tag","embeddable":true,"href":"https:\/\/malamboradio.com\/web\/wp-json\/wp\/v2\/tags?post=202681"}],"curies":[{"name":"wp","href":"https:\/\/api.w.org\/{rel}","templated":true}]}}